{"id":4692,"date":"2023-02-04T10:05:00","date_gmt":"2023-02-04T09:05:00","guid":{"rendered":"https:\/\/www.dobbiacocortina.org\/?p=4692"},"modified":"2023-02-06T10:27:02","modified_gmt":"2023-02-06T09:27:02","slug":"la-46-a-edizione-ai-red-devils-brigadoi-e-boerjesjoe-a-un-passo-dal-cielo","status":"publish","type":"post","link":"https:\/\/www.dobbiacocortina.org\/it\/la-46-a-edizione-ai-red-devils-brigadoi-e-boerjesjoe-a-un-passo-dal-cielo\/","title":{"rendered":"La 46.a edizione ai \u201cRed Devils\u201d &#8211; Brigadoi e Boerjesjoe a un passo dal cielo"},"content":{"rendered":"\t\t<div data-elementor-type=\"wp-post\" data-elementor-id=\"4692\" class=\"elementor elementor-4692 elementor-4679\">\n\t\t\t\t\t\t<section class=\"elementor-section elementor-top-section elementor-element elementor-element-bdfe67a elementor-section-boxed elementor-section-height-default elementor-section-height-default\" data-id=\"bdfe67a\" data-element_type=\"section\" data-settings=\"{&quot;jet_parallax_layout_list&quot;:[]}\">\n\t\t\t\t\t\t<div class=\"elementor-container elementor-column-gap-default\">\n\t\t\t\t\t<div class=\"elementor-column elementor-col-100 elementor-top-column elementor-element elementor-element-a5d67be\" data-id=\"a5d67be\" data-element_type=\"column\">\n\t\t\t<div class=\"elementor-widget-wrap elementor-element-populated\">\n\t\t\t\t\t\t<div class=\"elementor-element elementor-element-26c0986 elementor-widget elementor-widget-text-editor\" data-id=\"26c0986\" data-element_type=\"widget\" data-widget_type=\"text-editor.default\">\n\t\t\t\t<div class=\"elementor-widget-container\">\n\t\t\t\t\t\t\t\t\t<p><strong>Brigadoi vince la 46.a edizione, battuti il compagno di squadra Ferrari e l\u2019americano Kornfield. Podio tutto straniero al femminile con Boerjesjoe, Schmidhofer e Donzallaz<\/strong><\/p><p>La granfondo Dobbiaco-Cortina ammalia e stupisce ancora. Oggi si correva la 46.a edizione della granfondo che unisce le province di Bolzano e di Belluno e due territori, quelli di Dobbiaco e Cortina, che mettono insieme le forze per far vivere ai fondisti italiani, e non solo, un\u2019esperienza da ricordare. Il team Internorm ha festeggiato sotto le splendide Tofane, con il trentino Mauro Brigadoi e la svedese Malin Boerjesjoe entrambi autori di un\u2019eccezionale prova.<\/p><p>In partenza a Landro-Tre Cime, sotto le \u201cgiganti\u201d vette dolomitiche, si respirava un\u2019atmosfera quasi da Coppa del Mondo (che si correva poco lontano a Dobbiaco), con una fila di bandiere che sventolavano a simboleggiare ben 32 nazioni iscritte allo storico evento. Dopo un giro di lancio di 2 km il gruppo si \u00e8 diretto verso l\u2019incantevole Lago di Dobbiaco, dove c\u2019era il giro di boa. Davanti alla casa cantoniera, a circa 14 km dal via dopo aver passato il Cimitero di Guerra, \u00e8 sfilato un quintetto composto dai \u201cred devils\u201d del Team Internorm Mauro Brigadoi e Francesco Ferrari, lo svizzero Jason Rueesch, ed infine i due del Team Robinson Trentino Stefano Dal Magro e Tyler Kornfield (USA). Pi\u00f9 staccati a circa 5\u201d gli altoatesini Manuel Amhof (Team Futura) e Thomas Rinner (Team Robinson), i quali poi hanno ripreso le code del quintetto al panoramico passaggio accanto al Lago di Landro. A Passo Cimabanche, punto pi\u00f9 alto della gara (1534m) posto al 26\u00b0 km, il trentino Mauro Brigadoi ha deciso di rompere gli schemi tentando la fuga e guadagnando gi\u00e0 8 secondi sul compagno di squadra modenese Francesco Ferrari, seguito poi con quasi due minuti di ritardo dall\u2019americano Tyler Kornfield. La Dobbiaco-Cortina ha regalato una serie di panorami mozzafiato, come ad esempio il nuovo tratto di pista a \u201cPian de Loa\u201d, un autentico paradiso immerso nella natura subito dopo Ospitale, apprezzato e conosciuto da tutta Italia grazie alla celebre serie tv \u201cA un passo dal cielo\u201d girata lo scorso anno.<\/p><p>La gara maschile \u00e8 stata studiata a tavolino proprio dai due protagonisti di giornata: Francesco Ferrari e Mauro Brigadoi, con quest\u2019ultimo ad allungare alle porte di Cortina sul compagno di squadra. Con un tempo di 2h04\u201924\u201d il trentino Brigadoi \u00e8 andato a vincere per la prima volta la Dobbiaco-Cortina, battendo Ferrari, vincitore lo scorso anno nella medesima prova, e Kornfield, compagno dell\u2019atleta di Coppa del Mondo Rosie Brennan, in gara a pochi passi alla Nordic Arena. Brigadoi soddisfatto ha commentato: \u201cOggi avevamo deciso a tavolino la gara con Francesco Ferrari, avevamo in mente di attaccare sotto il punto pi\u00f9 alto di Cimabanche e ci siamo riusciti. Siamo andati via in due e poi da l\u00ec abbiamo fatto cambi regolari fino a 4 km dall\u2019arrivo, dove ho provato ad allungare perch\u00e9 sapevo che in volata avrei trovato un avversario tosto come Francesco, lui \u00e8 molto veloce. \u00c8 andata bene, soprattutto perch\u00e9 siamo arrivati primo e secondo e per la squadra \u00e8 un grandissimo risultato\u201d.<\/p><p>La gara femminile non ha avuto particolari colpi di scena, o meglio, l\u2019azione decisiva \u00e8 partita nelle prime fasi con la svedese Malin Boerjesjoe a prendere subito il largo, mentre ad inseguirla sono state l\u2019austriaca Anna Schmidhofer, la svizzera Nicole Donzallaz e la giovane francese (classe 2000) Leonie Harivel. Le stesse hanno sfilato nell\u2019ordine davanti alla casa cantoniera, cos\u00ec come al Lago di Landro. L\u2019inarrestabile svedese ha proseguito imperterrita l\u2019azione e a Passo Cimabanche ha incrementato addirittura il vantaggio, mentre l\u2019austriaca Schmidhofer registrava un distacco di oltre 4\u2019. A Cortina, in zona autostazione, la svedese ha concluso la cavalcata in solitaria con un tempo di 2h20\u201917\u201d, mentre il podio tutto straniero \u00e8 stato completato poi dall\u2019austriaca Schmidhofer e dalla svizzera Donzallaz. Con la corona d\u2019alloro al collo la svedese Boerjesjoe ha raccontato: \u201cLa gara \u00e8 andata davvero bene, pi\u00f9 di quanto mi aspettassi. \u00c8 stata una sorpresa molto positiva! L\u2019anno scorso ho gareggiato nella gara skating, quindi conoscevo gi\u00e0 buona parte del tracciato. La granfondo Dobbiaco-Cortina \u00e8 una delle migliori gare a cui io abbia mai partecipato, l\u2019atmosfera \u00e8 fantastica ed \u00e8 sempre bello poter tornare\u201d. Peccato per l\u2019azzurra Asia Patini, 7.a, la quale ha bisticciato con gli sci, poco performanti quest\u2019oggi.<\/p><p>All\u2019arrivo erano presenti il presidente della granfondo Dobbiaco-Cortina Herbert Santer, il vice Igor Gombac e il sindaco di Dobbiaco Martin Rienzner, ad applaudire assieme al pubblico gli eroi di giornata. La 46.a edizione \u00e8 stata inoltre onorata dagli immancabili senatori: Karl Walder, Sergio Bachmann ed Hansj\u00f6rg Bergmann. La Dobbiaco-Cortina attira ogni anno moltissimi affezionati degli sci stretti di ogni et\u00e0: oggi il pi\u00f9 giovane fondista in gara aveva 19 anni e il \u201cveterano\u201d del gruppo ne aveva 78.<\/p><p>Domani ci sar\u00e0 il bis e si scier\u00e0 sempre sulla stessa distanza ma in tecnica libera, con molti altri affezionati fondisti e due personaggi d\u2019eccezione: il norvegese Petter Northug e la polacca Justyna Kowalczyk a scatenarsi in gruppo.<\/p>\t\t\t\t\t\t\t\t<\/div>\n\t\t\t\t<\/div>\n\t\t\t\t\t<\/div>\n\t\t<\/div>\n\t\t\t\t\t<\/div>\n\t\t<\/section>\n\t\t\t\t<\/div>\n\t\t","protected":false},"excerpt":{"rendered":"<p>Brigadoi vince la 46.a edizione, battuti il compagno di squadra Ferrari e l\u2019americano Kornfield. Podio tutto straniero al femminile con Boerjesjoe, Schmidhofer e Donzallaz La granfondo Dobbiaco-Cortina ammalia e stupisce ancora. Oggi si correva la 46.a edizione della granfondo che unisce le province di Bolzano e di Belluno e due territori, quelli di Dobbiaco e [&hellip;]<\/p>\n","protected":false},"author":1,"featured_media":4686,"comment_status":"closed","ping_status":"closed","sticky":false,"template":"","format":"standard","meta":{"_acf_changed":false,"footnotes":""},"categories":[9],"tags":[],"class_list":["post-4692","post","type-post","status-publish","format-standard","has-post-thumbnail","hentry","category-non-categorizzato"],"acf":[],"yoast_head":"<!-- This site is optimized with the Yoast SEO plugin v27.5 - https:\/\/yoast.com\/product\/yoast-seo-wordpress\/ -->\n<title>La 46.a edizione ai \u201cRed Devils\u201d - Brigadoi e Boerjesjoe a un passo dal cielo - Granfondo Dobbiaco Cortina Classic Skating<\/title>\n<meta name=\"robots\" content=\"index, follow, max-snippet:-1, max-image-preview:large, max-video-preview:-1\" \/>\n<link rel=\"canonical\" href=\"https:\/\/www.dobbiacocortina.org\/it\/la-46-a-edizione-ai-red-devils-brigadoi-e-boerjesjoe-a-un-passo-dal-cielo\/\" \/>\n<meta property=\"og:locale\" content=\"it_IT\" \/>\n<meta property=\"og:type\" content=\"article\" \/>\n<meta property=\"og:title\" content=\"La 46.a edizione ai \u201cRed Devils\u201d - Brigadoi e Boerjesjoe a un passo dal cielo - Granfondo Dobbiaco Cortina Classic Skating\" \/>\n<meta property=\"og:description\" content=\"Brigadoi vince la 46.a edizione, battuti il compagno di squadra Ferrari e l\u2019americano Kornfield. Podio tutto straniero al femminile con Boerjesjoe, Schmidhofer e Donzallaz La granfondo Dobbiaco-Cortina ammalia e stupisce ancora. Oggi si correva la 46.a edizione della granfondo che unisce le province di Bolzano e di Belluno e due territori, quelli di Dobbiaco e [&hellip;]\" \/>\n<meta property=\"og:url\" content=\"https:\/\/www.dobbiacocortina.org\/it\/la-46-a-edizione-ai-red-devils-brigadoi-e-boerjesjoe-a-un-passo-dal-cielo\/\" \/>\n<meta property=\"og:site_name\" content=\"Granfondo Dobbiaco Cortina Classic Skating\" \/>\n<meta property=\"article:publisher\" content=\"https:\/\/www.facebook.com\/toblach.cortina\/\" \/>\n<meta property=\"article:published_time\" content=\"2023-02-04T09:05:00+00:00\" \/>\n<meta property=\"article:modified_time\" content=\"2023-02-06T09:27:02+00:00\" \/>\n<meta property=\"og:image\" content=\"https:\/\/www.dobbiacocortina.org\/wp-content\/uploads\/Partenza02-classic.jpg\" \/>\n\t<meta property=\"og:image:width\" content=\"1000\" \/>\n\t<meta property=\"og:image:height\" content=\"667\" \/>\n\t<meta property=\"og:image:type\" content=\"image\/jpeg\" \/>\n<meta name=\"author\" content=\"fuchsdesign\" \/>\n<meta name=\"twitter:card\" content=\"summary_large_image\" \/>\n<meta name=\"twitter:creator\" content=\"@toblachcortina\" \/>\n<meta name=\"twitter:site\" content=\"@toblachcortina\" \/>\n<meta name=\"twitter:label1\" content=\"Scritto da\" \/>\n\t<meta name=\"twitter:data1\" content=\"fuchsdesign\" \/>\n\t<meta name=\"twitter:label2\" content=\"Tempo di lettura stimato\" \/>\n\t<meta name=\"twitter:data2\" content=\"5 minuti\" \/>\n<script type=\"application\/ld+json\" class=\"yoast-schema-graph\">{\"@context\":\"https:\\\/\\\/schema.org\",\"@graph\":[{\"@type\":\"Article\",\"@id\":\"https:\\\/\\\/www.dobbiacocortina.org\\\/it\\\/la-46-a-edizione-ai-red-devils-brigadoi-e-boerjesjoe-a-un-passo-dal-cielo\\\/#article\",\"isPartOf\":{\"@id\":\"https:\\\/\\\/www.dobbiacocortina.org\\\/it\\\/la-46-a-edizione-ai-red-devils-brigadoi-e-boerjesjoe-a-un-passo-dal-cielo\\\/\"},\"author\":{\"name\":\"fuchsdesign\",\"@id\":\"https:\\\/\\\/www.dobbiacocortina.org\\\/#\\\/schema\\\/person\\\/978d7806e763afb92d86d8ea832c169d\"},\"headline\":\"La 46.a edizione ai \u201cRed Devils\u201d &#8211; Brigadoi e Boerjesjoe a un passo dal cielo\",\"datePublished\":\"2023-02-04T09:05:00+00:00\",\"dateModified\":\"2023-02-06T09:27:02+00:00\",\"mainEntityOfPage\":{\"@id\":\"https:\\\/\\\/www.dobbiacocortina.org\\\/it\\\/la-46-a-edizione-ai-red-devils-brigadoi-e-boerjesjoe-a-un-passo-dal-cielo\\\/\"},\"wordCount\":841,\"publisher\":{\"@id\":\"https:\\\/\\\/www.dobbiacocortina.org\\\/#organization\"},\"image\":{\"@id\":\"https:\\\/\\\/www.dobbiacocortina.org\\\/it\\\/la-46-a-edizione-ai-red-devils-brigadoi-e-boerjesjoe-a-un-passo-dal-cielo\\\/#primaryimage\"},\"thumbnailUrl\":\"https:\\\/\\\/www.dobbiacocortina.org\\\/wp-content\\\/uploads\\\/Partenza02-classic.jpg\",\"articleSection\":[\"Non categorizzato\"],\"inLanguage\":\"it-IT\"},{\"@type\":\"WebPage\",\"@id\":\"https:\\\/\\\/www.dobbiacocortina.org\\\/it\\\/la-46-a-edizione-ai-red-devils-brigadoi-e-boerjesjoe-a-un-passo-dal-cielo\\\/\",\"url\":\"https:\\\/\\\/www.dobbiacocortina.org\\\/it\\\/la-46-a-edizione-ai-red-devils-brigadoi-e-boerjesjoe-a-un-passo-dal-cielo\\\/\",\"name\":\"La 46.a edizione ai \u201cRed Devils\u201d - Brigadoi e Boerjesjoe a un passo dal cielo - Granfondo Dobbiaco Cortina Classic Skating\",\"isPartOf\":{\"@id\":\"https:\\\/\\\/www.dobbiacocortina.org\\\/#website\"},\"primaryImageOfPage\":{\"@id\":\"https:\\\/\\\/www.dobbiacocortina.org\\\/it\\\/la-46-a-edizione-ai-red-devils-brigadoi-e-boerjesjoe-a-un-passo-dal-cielo\\\/#primaryimage\"},\"image\":{\"@id\":\"https:\\\/\\\/www.dobbiacocortina.org\\\/it\\\/la-46-a-edizione-ai-red-devils-brigadoi-e-boerjesjoe-a-un-passo-dal-cielo\\\/#primaryimage\"},\"thumbnailUrl\":\"https:\\\/\\\/www.dobbiacocortina.org\\\/wp-content\\\/uploads\\\/Partenza02-classic.jpg\",\"datePublished\":\"2023-02-04T09:05:00+00:00\",\"dateModified\":\"2023-02-06T09:27:02+00:00\",\"breadcrumb\":{\"@id\":\"https:\\\/\\\/www.dobbiacocortina.org\\\/it\\\/la-46-a-edizione-ai-red-devils-brigadoi-e-boerjesjoe-a-un-passo-dal-cielo\\\/#breadcrumb\"},\"inLanguage\":\"it-IT\",\"potentialAction\":[{\"@type\":\"ReadAction\",\"target\":[\"https:\\\/\\\/www.dobbiacocortina.org\\\/it\\\/la-46-a-edizione-ai-red-devils-brigadoi-e-boerjesjoe-a-un-passo-dal-cielo\\\/\"]}]},{\"@type\":\"ImageObject\",\"inLanguage\":\"it-IT\",\"@id\":\"https:\\\/\\\/www.dobbiacocortina.org\\\/it\\\/la-46-a-edizione-ai-red-devils-brigadoi-e-boerjesjoe-a-un-passo-dal-cielo\\\/#primaryimage\",\"url\":\"https:\\\/\\\/www.dobbiacocortina.org\\\/wp-content\\\/uploads\\\/Partenza02-classic.jpg\",\"contentUrl\":\"https:\\\/\\\/www.dobbiacocortina.org\\\/wp-content\\\/uploads\\\/Partenza02-classic.jpg\",\"width\":1000,\"height\":667},{\"@type\":\"BreadcrumbList\",\"@id\":\"https:\\\/\\\/www.dobbiacocortina.org\\\/it\\\/la-46-a-edizione-ai-red-devils-brigadoi-e-boerjesjoe-a-un-passo-dal-cielo\\\/#breadcrumb\",\"itemListElement\":[{\"@type\":\"ListItem\",\"position\":1,\"name\":\"Startseite\",\"item\":\"https:\\\/\\\/www.dobbiacocortina.org\\\/it\\\/\"},{\"@type\":\"ListItem\",\"position\":2,\"name\":\"La 46.a edizione ai \u201cRed Devils\u201d &#8211; Brigadoi e Boerjesjoe a un passo dal cielo\"}]},{\"@type\":\"WebSite\",\"@id\":\"https:\\\/\\\/www.dobbiacocortina.org\\\/#website\",\"url\":\"https:\\\/\\\/www.dobbiacocortina.org\\\/\",\"name\":\"Dobbiaco Cortina\",\"description\":\"\",\"publisher\":{\"@id\":\"https:\\\/\\\/www.dobbiacocortina.org\\\/#organization\"},\"potentialAction\":[{\"@type\":\"SearchAction\",\"target\":{\"@type\":\"EntryPoint\",\"urlTemplate\":\"https:\\\/\\\/www.dobbiacocortina.org\\\/?s={search_term_string}\"},\"query-input\":{\"@type\":\"PropertyValueSpecification\",\"valueRequired\":true,\"valueName\":\"search_term_string\"}}],\"inLanguage\":\"it-IT\"},{\"@type\":\"Organization\",\"@id\":\"https:\\\/\\\/www.dobbiacocortina.org\\\/#organization\",\"name\":\"Toblach - Cortina\",\"url\":\"https:\\\/\\\/www.dobbiacocortina.org\\\/\",\"logo\":{\"@type\":\"ImageObject\",\"inLanguage\":\"it-IT\",\"@id\":\"https:\\\/\\\/www.dobbiacocortina.org\\\/#\\\/schema\\\/logo\\\/image\\\/\",\"url\":\"https:\\\/\\\/www.dobbiacocortina.org\\\/wp-content\\\/uploads\\\/Logo-Toblach_Cortina.png\",\"contentUrl\":\"https:\\\/\\\/www.dobbiacocortina.org\\\/wp-content\\\/uploads\\\/Logo-Toblach_Cortina.png\",\"width\":300,\"height\":300,\"caption\":\"Toblach - Cortina\"},\"image\":{\"@id\":\"https:\\\/\\\/www.dobbiacocortina.org\\\/#\\\/schema\\\/logo\\\/image\\\/\"},\"sameAs\":[\"https:\\\/\\\/www.facebook.com\\\/toblach.cortina\\\/\",\"https:\\\/\\\/x.com\\\/toblachcortina\",\"https:\\\/\\\/www.instagram.com\\\/dobbiacocortina\\\/\"]},{\"@type\":\"Person\",\"@id\":\"https:\\\/\\\/www.dobbiacocortina.org\\\/#\\\/schema\\\/person\\\/978d7806e763afb92d86d8ea832c169d\",\"name\":\"fuchsdesign\",\"sameAs\":[\"https:\\\/\\\/www.dobbiacocortina.org\"]}]}<\/script>\n<!-- \/ Yoast SEO plugin. -->","yoast_head_json":{"title":"La 46.a edizione ai \u201cRed Devils\u201d - Brigadoi e Boerjesjoe a un passo dal cielo - Granfondo Dobbiaco Cortina Classic Skating","robots":{"index":"index","follow":"follow","max-snippet":"max-snippet:-1","max-image-preview":"max-image-preview:large","max-video-preview":"max-video-preview:-1"},"canonical":"https:\/\/www.dobbiacocortina.org\/it\/la-46-a-edizione-ai-red-devils-brigadoi-e-boerjesjoe-a-un-passo-dal-cielo\/","og_locale":"it_IT","og_type":"article","og_title":"La 46.a edizione ai \u201cRed Devils\u201d - Brigadoi e Boerjesjoe a un passo dal cielo - Granfondo Dobbiaco Cortina Classic Skating","og_description":"Brigadoi vince la 46.a edizione, battuti il compagno di squadra Ferrari e l\u2019americano Kornfield. Podio tutto straniero al femminile con Boerjesjoe, Schmidhofer e Donzallaz La granfondo Dobbiaco-Cortina ammalia e stupisce ancora. Oggi si correva la 46.a edizione della granfondo che unisce le province di Bolzano e di Belluno e due territori, quelli di Dobbiaco e [&hellip;]","og_url":"https:\/\/www.dobbiacocortina.org\/it\/la-46-a-edizione-ai-red-devils-brigadoi-e-boerjesjoe-a-un-passo-dal-cielo\/","og_site_name":"Granfondo Dobbiaco Cortina Classic Skating","article_publisher":"https:\/\/www.facebook.com\/toblach.cortina\/","article_published_time":"2023-02-04T09:05:00+00:00","article_modified_time":"2023-02-06T09:27:02+00:00","og_image":[{"width":1000,"height":667,"url":"https:\/\/www.dobbiacocortina.org\/wp-content\/uploads\/Partenza02-classic.jpg","type":"image\/jpeg"}],"author":"fuchsdesign","twitter_card":"summary_large_image","twitter_creator":"@toblachcortina","twitter_site":"@toblachcortina","twitter_misc":{"Scritto da":"fuchsdesign","Tempo di lettura stimato":"5 minuti"},"schema":{"@context":"https:\/\/schema.org","@graph":[{"@type":"Article","@id":"https:\/\/www.dobbiacocortina.org\/it\/la-46-a-edizione-ai-red-devils-brigadoi-e-boerjesjoe-a-un-passo-dal-cielo\/#article","isPartOf":{"@id":"https:\/\/www.dobbiacocortina.org\/it\/la-46-a-edizione-ai-red-devils-brigadoi-e-boerjesjoe-a-un-passo-dal-cielo\/"},"author":{"name":"fuchsdesign","@id":"https:\/\/www.dobbiacocortina.org\/#\/schema\/person\/978d7806e763afb92d86d8ea832c169d"},"headline":"La 46.a edizione ai \u201cRed Devils\u201d &#8211; Brigadoi e Boerjesjoe a un passo dal cielo","datePublished":"2023-02-04T09:05:00+00:00","dateModified":"2023-02-06T09:27:02+00:00","mainEntityOfPage":{"@id":"https:\/\/www.dobbiacocortina.org\/it\/la-46-a-edizione-ai-red-devils-brigadoi-e-boerjesjoe-a-un-passo-dal-cielo\/"},"wordCount":841,"publisher":{"@id":"https:\/\/www.dobbiacocortina.org\/#organization"},"image":{"@id":"https:\/\/www.dobbiacocortina.org\/it\/la-46-a-edizione-ai-red-devils-brigadoi-e-boerjesjoe-a-un-passo-dal-cielo\/#primaryimage"},"thumbnailUrl":"https:\/\/www.dobbiacocortina.org\/wp-content\/uploads\/Partenza02-classic.jpg","articleSection":["Non categorizzato"],"inLanguage":"it-IT"},{"@type":"WebPage","@id":"https:\/\/www.dobbiacocortina.org\/it\/la-46-a-edizione-ai-red-devils-brigadoi-e-boerjesjoe-a-un-passo-dal-cielo\/","url":"https:\/\/www.dobbiacocortina.org\/it\/la-46-a-edizione-ai-red-devils-brigadoi-e-boerjesjoe-a-un-passo-dal-cielo\/","name":"La 46.a edizione ai \u201cRed Devils\u201d - Brigadoi e Boerjesjoe a un passo dal cielo - Granfondo Dobbiaco Cortina Classic Skating","isPartOf":{"@id":"https:\/\/www.dobbiacocortina.org\/#website"},"primaryImageOfPage":{"@id":"https:\/\/www.dobbiacocortina.org\/it\/la-46-a-edizione-ai-red-devils-brigadoi-e-boerjesjoe-a-un-passo-dal-cielo\/#primaryimage"},"image":{"@id":"https:\/\/www.dobbiacocortina.org\/it\/la-46-a-edizione-ai-red-devils-brigadoi-e-boerjesjoe-a-un-passo-dal-cielo\/#primaryimage"},"thumbnailUrl":"https:\/\/www.dobbiacocortina.org\/wp-content\/uploads\/Partenza02-classic.jpg","datePublished":"2023-02-04T09:05:00+00:00","dateModified":"2023-02-06T09:27:02+00:00","breadcrumb":{"@id":"https:\/\/www.dobbiacocortina.org\/it\/la-46-a-edizione-ai-red-devils-brigadoi-e-boerjesjoe-a-un-passo-dal-cielo\/#breadcrumb"},"inLanguage":"it-IT","potentialAction":[{"@type":"ReadAction","target":["https:\/\/www.dobbiacocortina.org\/it\/la-46-a-edizione-ai-red-devils-brigadoi-e-boerjesjoe-a-un-passo-dal-cielo\/"]}]},{"@type":"ImageObject","inLanguage":"it-IT","@id":"https:\/\/www.dobbiacocortina.org\/it\/la-46-a-edizione-ai-red-devils-brigadoi-e-boerjesjoe-a-un-passo-dal-cielo\/#primaryimage","url":"https:\/\/www.dobbiacocortina.org\/wp-content\/uploads\/Partenza02-classic.jpg","contentUrl":"https:\/\/www.dobbiacocortina.org\/wp-content\/uploads\/Partenza02-classic.jpg","width":1000,"height":667},{"@type":"BreadcrumbList","@id":"https:\/\/www.dobbiacocortina.org\/it\/la-46-a-edizione-ai-red-devils-brigadoi-e-boerjesjoe-a-un-passo-dal-cielo\/#breadcrumb","itemListElement":[{"@type":"ListItem","position":1,"name":"Startseite","item":"https:\/\/www.dobbiacocortina.org\/it\/"},{"@type":"ListItem","position":2,"name":"La 46.a edizione ai \u201cRed Devils\u201d &#8211; Brigadoi e Boerjesjoe a un passo dal cielo"}]},{"@type":"WebSite","@id":"https:\/\/www.dobbiacocortina.org\/#website","url":"https:\/\/www.dobbiacocortina.org\/","name":"Dobbiaco Cortina","description":"","publisher":{"@id":"https:\/\/www.dobbiacocortina.org\/#organization"},"potentialAction":[{"@type":"SearchAction","target":{"@type":"EntryPoint","urlTemplate":"https:\/\/www.dobbiacocortina.org\/?s={search_term_string}"},"query-input":{"@type":"PropertyValueSpecification","valueRequired":true,"valueName":"search_term_string"}}],"inLanguage":"it-IT"},{"@type":"Organization","@id":"https:\/\/www.dobbiacocortina.org\/#organization","name":"Toblach - Cortina","url":"https:\/\/www.dobbiacocortina.org\/","logo":{"@type":"ImageObject","inLanguage":"it-IT","@id":"https:\/\/www.dobbiacocortina.org\/#\/schema\/logo\/image\/","url":"https:\/\/www.dobbiacocortina.org\/wp-content\/uploads\/Logo-Toblach_Cortina.png","contentUrl":"https:\/\/www.dobbiacocortina.org\/wp-content\/uploads\/Logo-Toblach_Cortina.png","width":300,"height":300,"caption":"Toblach - Cortina"},"image":{"@id":"https:\/\/www.dobbiacocortina.org\/#\/schema\/logo\/image\/"},"sameAs":["https:\/\/www.facebook.com\/toblach.cortina\/","https:\/\/x.com\/toblachcortina","https:\/\/www.instagram.com\/dobbiacocortina\/"]},{"@type":"Person","@id":"https:\/\/www.dobbiacocortina.org\/#\/schema\/person\/978d7806e763afb92d86d8ea832c169d","name":"fuchsdesign","sameAs":["https:\/\/www.dobbiacocortina.org"]}]}},"_links":{"self":[{"href":"https:\/\/www.dobbiacocortina.org\/it\/wp-json\/wp\/v2\/posts\/4692","targetHints":{"allow":["GET"]}}],"collection":[{"href":"https:\/\/www.dobbiacocortina.org\/it\/wp-json\/wp\/v2\/posts"}],"about":[{"href":"https:\/\/www.dobbiacocortina.org\/it\/wp-json\/wp\/v2\/types\/post"}],"author":[{"embeddable":true,"href":"https:\/\/www.dobbiacocortina.org\/it\/wp-json\/wp\/v2\/users\/1"}],"replies":[{"embeddable":true,"href":"https:\/\/www.dobbiacocortina.org\/it\/wp-json\/wp\/v2\/comments?post=4692"}],"version-history":[{"count":4,"href":"https:\/\/www.dobbiacocortina.org\/it\/wp-json\/wp\/v2\/posts\/4692\/revisions"}],"predecessor-version":[{"id":4698,"href":"https:\/\/www.dobbiacocortina.org\/it\/wp-json\/wp\/v2\/posts\/4692\/revisions\/4698"}],"wp:featuredmedia":[{"embeddable":true,"href":"https:\/\/www.dobbiacocortina.org\/it\/wp-json\/wp\/v2\/media\/4686"}],"wp:attachment":[{"href":"https:\/\/www.dobbiacocortina.org\/it\/wp-json\/wp\/v2\/media?parent=4692"}],"wp:term":[{"taxonomy":"category","embeddable":true,"href":"https:\/\/www.dobbiacocortina.org\/it\/wp-json\/wp\/v2\/categories?post=4692"},{"taxonomy":"post_tag","embeddable":true,"href":"https:\/\/www.dobbiacocortina.org\/it\/wp-json\/wp\/v2\/tags?post=4692"}],"curies":[{"name":"wp","href":"https:\/\/api.w.org\/{rel}","templated":true}]}}