{"id":5698,"date":"2024-02-03T14:15:00","date_gmt":"2024-02-03T13:15:00","guid":{"rendered":"https:\/\/www.dobbiacocortina.org\/?p=5698"},"modified":"2024-02-06T09:05:14","modified_gmt":"2024-02-06T08:05:14","slug":"riege-al-photofinish-al-photofinish","status":"publish","type":"post","link":"https:\/\/www.dobbiacocortina.org\/it\/riege-al-photofinish-al-photofinish\/","title":{"rendered":"Riege al photofinish, fondisti e Heiskanen al decollo in aeroporto"},"content":{"rendered":"\t\t<div data-elementor-type=\"wp-post\" data-elementor-id=\"5698\" class=\"elementor elementor-5698\">\n\t\t\t\t\t\t<section class=\"elementor-section elementor-top-section elementor-element elementor-element-9f1e893 elementor-section-boxed elementor-section-height-default elementor-section-height-default\" data-id=\"9f1e893\" data-element_type=\"section\" data-settings=\"{&quot;jet_parallax_layout_list&quot;:[]}\">\n\t\t\t\t\t\t<div class=\"elementor-container elementor-column-gap-default\">\n\t\t\t\t\t<div class=\"elementor-column elementor-col-100 elementor-top-column elementor-element elementor-element-46dede2\" data-id=\"46dede2\" data-element_type=\"column\">\n\t\t\t<div class=\"elementor-widget-wrap elementor-element-populated\">\n\t\t\t\t\t\t<div class=\"elementor-element elementor-element-bd01bd2 elementor-widget elementor-widget-text-editor\" data-id=\"bd01bd2\" data-element_type=\"widget\" data-widget_type=\"text-editor.default\">\n\t\t\t\t<div class=\"elementor-widget-container\">\n\t\t\t\t\t\t\t\t\t<p><strong>Gara maschile in volata: Riege, stesso tempo di Nygaard, Ferrari 3\u00b0. Tra le donne 2\u00b0 posto per Stefania Corradini nella gara di Heiskanen<\/strong><\/p>\n<p>Una soleggiata Dobbiaco, in Alto Adige, ha ospitato la prima giornata di gara della 47.a storica Granfondo Dobbiaco-Cortina. In seguito alle poco favorevoli condizioni meteo, si \u00e8 dovuto virare all\u2019ultimo stabilendo l\u2019arrivo di gara a Dobbiaco, senza quindi scendere a Cortina, con la Nordic Arena che ha visto tagliare il traguardo quasi 1000 fondisti, un autentico mix tra professionisti e amatori. Gli eventi \u201cChallengers\u201d del circuito Ski Classics, infatti, permettono a chiunque di vivere il sogno di competere con i migliori fondisti delle lunghe distanze, indipendentemente dall\u2019et\u00e0 o dalla categoria.<\/p>\n<p>Quest\u2019oggi era in programma la gara sulla distanza di 42 km a tecnica classica, mentre domani ci sar\u00e0 la gara skating di 35 km. La Dobbiaco-Cortina \u00e8 decollata, nel senso letterale della parola visto lo start all\u2019aeroporto, da Dobbiaco come tradizione. Tra i maschi, il gruppo \u00e8 rimasto compatto durante tutta la competizione, nonostante il tentativo di fuga iniziale di Heinrick Hau (GER). Quest\u2019ultimo \u00e8 stato ripreso dal gruppetto dei migliori intorno ai 15 chilometri, e da l\u00ec nessuno \u00e8 pi\u00f9 stato in grado di fare la differenza, complice anche la velocit\u00e0 del tracciato, brillantemente messo a punto dal comitato organizzatore capitanato da Herbert Santer. Si \u00e8 poi proseguito in gruppo fino all\u2019arrivo alla Nordic Arena, dove i due norvegesi Andreas Nygaard e Amund Riege si sono scatenati, approcciando la volata a tutta. Il photofinish tra i due ha dato ragione per un\u2019incollatura a Riege (Team Ramudden), con il connazionale Nygaard (Team Ragde Charge) secondo. \u201cEro davanti prima dell\u2019ultima salita, sapevo che approcciare davanti il rettilineo era fondamentale, poich\u00e9 \u00e8 piuttosto corto qui. Ho quindi provato a fare selezione, l\u2019ultima salitella \u00e8 stata fondamentale, come sempre qui a Dobbiaco. Devi scollinare forte e tenerti la leadership fino all\u2019ultima curva e poi spingere al massimo nel rettilineo. Ho sentito di essere giunto prima di Andreas nel photofinish e sono molto felice!\u201d queste le parole del vincitore. Terzo un brillante Francesco Ferrari! L\u2019azzurro del team Internorm Alpenplus Trentino ha messo insieme un ultimo chilometro da primo della classe, reggendo l\u2019urto di Riege sull\u2019ultima salita e tenendo il gas spalancato fino all\u2019arrivo. Dopo la gara si \u00e8 detto molto soddisfatto di essere comunque arrivato a pochissimi metri da una vittoria cos\u00ec prestigiosa. Positivo 4\u00b0 posto anche per l\u2019altro azzurro che ha tenuto duro nel gruppo di testa, Lorenzo Busin, compagno di team di Ferrari. Solo 6\u00b0 uno dei favoriti odierni, Thomas Bing (GER) che \u00e8 solito pagare dazio negli arrivi in volata.<\/p>\n<p>Per quanto riguarda la gara femminile, l\u2019Italia \u00e8 stata ancora grande protagonista. Il successo \u00e8 andato a Heli Heiskanen (FIN) del Team Internorm Alpenplus Trentino, che ha letteralmente \u2018ammazzato\u2019 la competizione ancor prima di giungere a met\u00e0 gara. Al rilevamento dei 22 chilometri la finnica aveva, infatti, un vantaggio di 1\u201954\u201d sull\u2019azzurra Stefania Corradini. Quest\u2019ultima ha tenuto bene fino alla fine, tagliando il traguardo con lo stesso distacco che aveva a met\u00e0 gara e circa 1\u201930\u201d sulla terza classificata, Oda Nerdrum (NOR). \u201cOggi era troppo divertente! Le condizioni atmosferiche e del tracciato erano perfette. Qui \u00e8 sempre un piacere gareggiare, non solo perch\u00e9 ho vinto, ma le condizioni sono sempre ottime\u201d ha dichiarato al traguardo la vincitrice Heiskanen. Ottavo posto per la seconda delle azzurre, Anna Giordan. Al termine della competizione, sotto un sole che quasi toglie il rammarico per la cancellazione della parte \u201cveneta\u201d della gara, si sono svolte le premiazioni. Gli atleti hanno rimarcato come si sia fatto comunque un grande lavoro nel mettere in piedi un evento che proprio non poteva saltare, vista la storia.<\/p>\t\t\t\t\t\t\t\t<\/div>\n\t\t\t\t<\/div>\n\t\t\t\t\t<\/div>\n\t\t<\/div>\n\t\t\t\t\t<\/div>\n\t\t<\/section>\n\t\t\t\t<\/div>\n\t\t","protected":false},"excerpt":{"rendered":"<p>Gara maschile in volata: Riege, stesso tempo di Nygaard, Ferrari 3\u00b0. Tra le donne 2\u00b0 posto per Stefania Corradini nella gara di Heiskanen Una soleggiata Dobbiaco, in Alto Adige, ha ospitato la prima giornata di gara della 47.a storica Granfondo Dobbiaco-Cortina. In seguito alle poco favorevoli condizioni meteo, si \u00e8 dovuto virare all\u2019ultimo stabilendo l\u2019arrivo [&hellip;]<\/p>\n","protected":false},"author":1,"featured_media":5703,"comment_status":"closed","ping_status":"closed","sticky":false,"template":"","format":"standard","meta":{"_acf_changed":false,"footnotes":""},"categories":[9],"tags":[],"class_list":["post-5698","post","type-post","status-publish","format-standard","has-post-thumbnail","hentry","category-non-categorizzato"],"acf":[],"yoast_head":"<!-- This site is optimized with the Yoast SEO plugin v27.5 - https:\/\/yoast.com\/product\/yoast-seo-wordpress\/ -->\n<title>Riege al photofinish, fondisti e Heiskanen al decollo in aeroporto - Granfondo Dobbiaco Cortina Classic Skating<\/title>\n<meta name=\"robots\" content=\"index, follow, max-snippet:-1, max-image-preview:large, max-video-preview:-1\" \/>\n<link rel=\"canonical\" href=\"https:\/\/www.dobbiacocortina.org\/it\/riege-al-photofinish-al-photofinish\/\" \/>\n<meta property=\"og:locale\" content=\"it_IT\" \/>\n<meta property=\"og:type\" content=\"article\" \/>\n<meta property=\"og:title\" content=\"Riege al photofinish, fondisti e Heiskanen al decollo in aeroporto - Granfondo Dobbiaco Cortina Classic Skating\" \/>\n<meta property=\"og:description\" content=\"Gara maschile in volata: Riege, stesso tempo di Nygaard, Ferrari 3\u00b0. Tra le donne 2\u00b0 posto per Stefania Corradini nella gara di Heiskanen Una soleggiata Dobbiaco, in Alto Adige, ha ospitato la prima giornata di gara della 47.a storica Granfondo Dobbiaco-Cortina. In seguito alle poco favorevoli condizioni meteo, si \u00e8 dovuto virare all\u2019ultimo stabilendo l\u2019arrivo [&hellip;]\" \/>\n<meta property=\"og:url\" content=\"https:\/\/www.dobbiacocortina.org\/it\/riege-al-photofinish-al-photofinish\/\" \/>\n<meta property=\"og:site_name\" content=\"Granfondo Dobbiaco Cortina Classic Skating\" \/>\n<meta property=\"article:publisher\" content=\"https:\/\/www.facebook.com\/toblach.cortina\/\" \/>\n<meta property=\"article:published_time\" content=\"2024-02-03T13:15:00+00:00\" \/>\n<meta property=\"article:modified_time\" content=\"2024-02-06T08:05:14+00:00\" \/>\n<meta property=\"og:image\" content=\"https:\/\/www.dobbiacocortina.org\/wp-content\/uploads\/toco-classic2024.jpg\" \/>\n\t<meta property=\"og:image:width\" content=\"1000\" \/>\n\t<meta property=\"og:image:height\" content=\"687\" \/>\n\t<meta property=\"og:image:type\" content=\"image\/jpeg\" \/>\n<meta name=\"author\" content=\"fuchsdesign\" \/>\n<meta name=\"twitter:card\" content=\"summary_large_image\" \/>\n<meta name=\"twitter:creator\" content=\"@toblachcortina\" \/>\n<meta name=\"twitter:site\" content=\"@toblachcortina\" \/>\n<meta name=\"twitter:label1\" content=\"Scritto da\" \/>\n\t<meta name=\"twitter:data1\" content=\"fuchsdesign\" \/>\n\t<meta name=\"twitter:label2\" content=\"Tempo di lettura stimato\" \/>\n\t<meta name=\"twitter:data2\" content=\"4 minuti\" \/>\n<script type=\"application\/ld+json\" class=\"yoast-schema-graph\">{\"@context\":\"https:\\\/\\\/schema.org\",\"@graph\":[{\"@type\":\"Article\",\"@id\":\"https:\\\/\\\/www.dobbiacocortina.org\\\/it\\\/riege-al-photofinish-al-photofinish\\\/#article\",\"isPartOf\":{\"@id\":\"https:\\\/\\\/www.dobbiacocortina.org\\\/it\\\/riege-al-photofinish-al-photofinish\\\/\"},\"author\":{\"name\":\"fuchsdesign\",\"@id\":\"https:\\\/\\\/www.dobbiacocortina.org\\\/#\\\/schema\\\/person\\\/978d7806e763afb92d86d8ea832c169d\"},\"headline\":\"Riege al photofinish, fondisti e Heiskanen al decollo in aeroporto\",\"datePublished\":\"2024-02-03T13:15:00+00:00\",\"dateModified\":\"2024-02-06T08:05:14+00:00\",\"mainEntityOfPage\":{\"@id\":\"https:\\\/\\\/www.dobbiacocortina.org\\\/it\\\/riege-al-photofinish-al-photofinish\\\/\"},\"wordCount\":615,\"publisher\":{\"@id\":\"https:\\\/\\\/www.dobbiacocortina.org\\\/#organization\"},\"image\":{\"@id\":\"https:\\\/\\\/www.dobbiacocortina.org\\\/it\\\/riege-al-photofinish-al-photofinish\\\/#primaryimage\"},\"thumbnailUrl\":\"https:\\\/\\\/www.dobbiacocortina.org\\\/wp-content\\\/uploads\\\/toco-classic2024.jpg\",\"articleSection\":[\"Non categorizzato\"],\"inLanguage\":\"it-IT\"},{\"@type\":\"WebPage\",\"@id\":\"https:\\\/\\\/www.dobbiacocortina.org\\\/it\\\/riege-al-photofinish-al-photofinish\\\/\",\"url\":\"https:\\\/\\\/www.dobbiacocortina.org\\\/it\\\/riege-al-photofinish-al-photofinish\\\/\",\"name\":\"Riege al photofinish, fondisti e Heiskanen al decollo in aeroporto - Granfondo Dobbiaco Cortina Classic Skating\",\"isPartOf\":{\"@id\":\"https:\\\/\\\/www.dobbiacocortina.org\\\/#website\"},\"primaryImageOfPage\":{\"@id\":\"https:\\\/\\\/www.dobbiacocortina.org\\\/it\\\/riege-al-photofinish-al-photofinish\\\/#primaryimage\"},\"image\":{\"@id\":\"https:\\\/\\\/www.dobbiacocortina.org\\\/it\\\/riege-al-photofinish-al-photofinish\\\/#primaryimage\"},\"thumbnailUrl\":\"https:\\\/\\\/www.dobbiacocortina.org\\\/wp-content\\\/uploads\\\/toco-classic2024.jpg\",\"datePublished\":\"2024-02-03T13:15:00+00:00\",\"dateModified\":\"2024-02-06T08:05:14+00:00\",\"breadcrumb\":{\"@id\":\"https:\\\/\\\/www.dobbiacocortina.org\\\/it\\\/riege-al-photofinish-al-photofinish\\\/#breadcrumb\"},\"inLanguage\":\"it-IT\",\"potentialAction\":[{\"@type\":\"ReadAction\",\"target\":[\"https:\\\/\\\/www.dobbiacocortina.org\\\/it\\\/riege-al-photofinish-al-photofinish\\\/\"]}]},{\"@type\":\"ImageObject\",\"inLanguage\":\"it-IT\",\"@id\":\"https:\\\/\\\/www.dobbiacocortina.org\\\/it\\\/riege-al-photofinish-al-photofinish\\\/#primaryimage\",\"url\":\"https:\\\/\\\/www.dobbiacocortina.org\\\/wp-content\\\/uploads\\\/toco-classic2024.jpg\",\"contentUrl\":\"https:\\\/\\\/www.dobbiacocortina.org\\\/wp-content\\\/uploads\\\/toco-classic2024.jpg\",\"width\":1000,\"height\":687},{\"@type\":\"BreadcrumbList\",\"@id\":\"https:\\\/\\\/www.dobbiacocortina.org\\\/it\\\/riege-al-photofinish-al-photofinish\\\/#breadcrumb\",\"itemListElement\":[{\"@type\":\"ListItem\",\"position\":1,\"name\":\"Startseite\",\"item\":\"https:\\\/\\\/www.dobbiacocortina.org\\\/it\\\/\"},{\"@type\":\"ListItem\",\"position\":2,\"name\":\"Riege al photofinish, fondisti e Heiskanen al decollo in aeroporto\"}]},{\"@type\":\"WebSite\",\"@id\":\"https:\\\/\\\/www.dobbiacocortina.org\\\/#website\",\"url\":\"https:\\\/\\\/www.dobbiacocortina.org\\\/\",\"name\":\"Dobbiaco Cortina\",\"description\":\"\",\"publisher\":{\"@id\":\"https:\\\/\\\/www.dobbiacocortina.org\\\/#organization\"},\"potentialAction\":[{\"@type\":\"SearchAction\",\"target\":{\"@type\":\"EntryPoint\",\"urlTemplate\":\"https:\\\/\\\/www.dobbiacocortina.org\\\/?s={search_term_string}\"},\"query-input\":{\"@type\":\"PropertyValueSpecification\",\"valueRequired\":true,\"valueName\":\"search_term_string\"}}],\"inLanguage\":\"it-IT\"},{\"@type\":\"Organization\",\"@id\":\"https:\\\/\\\/www.dobbiacocortina.org\\\/#organization\",\"name\":\"Toblach - Cortina\",\"url\":\"https:\\\/\\\/www.dobbiacocortina.org\\\/\",\"logo\":{\"@type\":\"ImageObject\",\"inLanguage\":\"it-IT\",\"@id\":\"https:\\\/\\\/www.dobbiacocortina.org\\\/#\\\/schema\\\/logo\\\/image\\\/\",\"url\":\"https:\\\/\\\/www.dobbiacocortina.org\\\/wp-content\\\/uploads\\\/Logo-Toblach_Cortina.png\",\"contentUrl\":\"https:\\\/\\\/www.dobbiacocortina.org\\\/wp-content\\\/uploads\\\/Logo-Toblach_Cortina.png\",\"width\":300,\"height\":300,\"caption\":\"Toblach - Cortina\"},\"image\":{\"@id\":\"https:\\\/\\\/www.dobbiacocortina.org\\\/#\\\/schema\\\/logo\\\/image\\\/\"},\"sameAs\":[\"https:\\\/\\\/www.facebook.com\\\/toblach.cortina\\\/\",\"https:\\\/\\\/x.com\\\/toblachcortina\",\"https:\\\/\\\/www.instagram.com\\\/dobbiacocortina\\\/\"]},{\"@type\":\"Person\",\"@id\":\"https:\\\/\\\/www.dobbiacocortina.org\\\/#\\\/schema\\\/person\\\/978d7806e763afb92d86d8ea832c169d\",\"name\":\"fuchsdesign\",\"sameAs\":[\"https:\\\/\\\/www.dobbiacocortina.org\"]}]}<\/script>\n<!-- \/ Yoast SEO plugin. -->","yoast_head_json":{"title":"Riege al photofinish, fondisti e Heiskanen al decollo in aeroporto - Granfondo Dobbiaco Cortina Classic Skating","robots":{"index":"index","follow":"follow","max-snippet":"max-snippet:-1","max-image-preview":"max-image-preview:large","max-video-preview":"max-video-preview:-1"},"canonical":"https:\/\/www.dobbiacocortina.org\/it\/riege-al-photofinish-al-photofinish\/","og_locale":"it_IT","og_type":"article","og_title":"Riege al photofinish, fondisti e Heiskanen al decollo in aeroporto - Granfondo Dobbiaco Cortina Classic Skating","og_description":"Gara maschile in volata: Riege, stesso tempo di Nygaard, Ferrari 3\u00b0. Tra le donne 2\u00b0 posto per Stefania Corradini nella gara di Heiskanen Una soleggiata Dobbiaco, in Alto Adige, ha ospitato la prima giornata di gara della 47.a storica Granfondo Dobbiaco-Cortina. In seguito alle poco favorevoli condizioni meteo, si \u00e8 dovuto virare all\u2019ultimo stabilendo l\u2019arrivo [&hellip;]","og_url":"https:\/\/www.dobbiacocortina.org\/it\/riege-al-photofinish-al-photofinish\/","og_site_name":"Granfondo Dobbiaco Cortina Classic Skating","article_publisher":"https:\/\/www.facebook.com\/toblach.cortina\/","article_published_time":"2024-02-03T13:15:00+00:00","article_modified_time":"2024-02-06T08:05:14+00:00","og_image":[{"width":1000,"height":687,"url":"https:\/\/www.dobbiacocortina.org\/wp-content\/uploads\/toco-classic2024.jpg","type":"image\/jpeg"}],"author":"fuchsdesign","twitter_card":"summary_large_image","twitter_creator":"@toblachcortina","twitter_site":"@toblachcortina","twitter_misc":{"Scritto da":"fuchsdesign","Tempo di lettura stimato":"4 minuti"},"schema":{"@context":"https:\/\/schema.org","@graph":[{"@type":"Article","@id":"https:\/\/www.dobbiacocortina.org\/it\/riege-al-photofinish-al-photofinish\/#article","isPartOf":{"@id":"https:\/\/www.dobbiacocortina.org\/it\/riege-al-photofinish-al-photofinish\/"},"author":{"name":"fuchsdesign","@id":"https:\/\/www.dobbiacocortina.org\/#\/schema\/person\/978d7806e763afb92d86d8ea832c169d"},"headline":"Riege al photofinish, fondisti e Heiskanen al decollo in aeroporto","datePublished":"2024-02-03T13:15:00+00:00","dateModified":"2024-02-06T08:05:14+00:00","mainEntityOfPage":{"@id":"https:\/\/www.dobbiacocortina.org\/it\/riege-al-photofinish-al-photofinish\/"},"wordCount":615,"publisher":{"@id":"https:\/\/www.dobbiacocortina.org\/#organization"},"image":{"@id":"https:\/\/www.dobbiacocortina.org\/it\/riege-al-photofinish-al-photofinish\/#primaryimage"},"thumbnailUrl":"https:\/\/www.dobbiacocortina.org\/wp-content\/uploads\/toco-classic2024.jpg","articleSection":["Non categorizzato"],"inLanguage":"it-IT"},{"@type":"WebPage","@id":"https:\/\/www.dobbiacocortina.org\/it\/riege-al-photofinish-al-photofinish\/","url":"https:\/\/www.dobbiacocortina.org\/it\/riege-al-photofinish-al-photofinish\/","name":"Riege al photofinish, fondisti e Heiskanen al decollo in aeroporto - Granfondo Dobbiaco Cortina Classic Skating","isPartOf":{"@id":"https:\/\/www.dobbiacocortina.org\/#website"},"primaryImageOfPage":{"@id":"https:\/\/www.dobbiacocortina.org\/it\/riege-al-photofinish-al-photofinish\/#primaryimage"},"image":{"@id":"https:\/\/www.dobbiacocortina.org\/it\/riege-al-photofinish-al-photofinish\/#primaryimage"},"thumbnailUrl":"https:\/\/www.dobbiacocortina.org\/wp-content\/uploads\/toco-classic2024.jpg","datePublished":"2024-02-03T13:15:00+00:00","dateModified":"2024-02-06T08:05:14+00:00","breadcrumb":{"@id":"https:\/\/www.dobbiacocortina.org\/it\/riege-al-photofinish-al-photofinish\/#breadcrumb"},"inLanguage":"it-IT","potentialAction":[{"@type":"ReadAction","target":["https:\/\/www.dobbiacocortina.org\/it\/riege-al-photofinish-al-photofinish\/"]}]},{"@type":"ImageObject","inLanguage":"it-IT","@id":"https:\/\/www.dobbiacocortina.org\/it\/riege-al-photofinish-al-photofinish\/#primaryimage","url":"https:\/\/www.dobbiacocortina.org\/wp-content\/uploads\/toco-classic2024.jpg","contentUrl":"https:\/\/www.dobbiacocortina.org\/wp-content\/uploads\/toco-classic2024.jpg","width":1000,"height":687},{"@type":"BreadcrumbList","@id":"https:\/\/www.dobbiacocortina.org\/it\/riege-al-photofinish-al-photofinish\/#breadcrumb","itemListElement":[{"@type":"ListItem","position":1,"name":"Startseite","item":"https:\/\/www.dobbiacocortina.org\/it\/"},{"@type":"ListItem","position":2,"name":"Riege al photofinish, fondisti e Heiskanen al decollo in aeroporto"}]},{"@type":"WebSite","@id":"https:\/\/www.dobbiacocortina.org\/#website","url":"https:\/\/www.dobbiacocortina.org\/","name":"Dobbiaco Cortina","description":"","publisher":{"@id":"https:\/\/www.dobbiacocortina.org\/#organization"},"potentialAction":[{"@type":"SearchAction","target":{"@type":"EntryPoint","urlTemplate":"https:\/\/www.dobbiacocortina.org\/?s={search_term_string}"},"query-input":{"@type":"PropertyValueSpecification","valueRequired":true,"valueName":"search_term_string"}}],"inLanguage":"it-IT"},{"@type":"Organization","@id":"https:\/\/www.dobbiacocortina.org\/#organization","name":"Toblach - Cortina","url":"https:\/\/www.dobbiacocortina.org\/","logo":{"@type":"ImageObject","inLanguage":"it-IT","@id":"https:\/\/www.dobbiacocortina.org\/#\/schema\/logo\/image\/","url":"https:\/\/www.dobbiacocortina.org\/wp-content\/uploads\/Logo-Toblach_Cortina.png","contentUrl":"https:\/\/www.dobbiacocortina.org\/wp-content\/uploads\/Logo-Toblach_Cortina.png","width":300,"height":300,"caption":"Toblach - Cortina"},"image":{"@id":"https:\/\/www.dobbiacocortina.org\/#\/schema\/logo\/image\/"},"sameAs":["https:\/\/www.facebook.com\/toblach.cortina\/","https:\/\/x.com\/toblachcortina","https:\/\/www.instagram.com\/dobbiacocortina\/"]},{"@type":"Person","@id":"https:\/\/www.dobbiacocortina.org\/#\/schema\/person\/978d7806e763afb92d86d8ea832c169d","name":"fuchsdesign","sameAs":["https:\/\/www.dobbiacocortina.org"]}]}},"_links":{"self":[{"href":"https:\/\/www.dobbiacocortina.org\/it\/wp-json\/wp\/v2\/posts\/5698","targetHints":{"allow":["GET"]}}],"collection":[{"href":"https:\/\/www.dobbiacocortina.org\/it\/wp-json\/wp\/v2\/posts"}],"about":[{"href":"https:\/\/www.dobbiacocortina.org\/it\/wp-json\/wp\/v2\/types\/post"}],"author":[{"embeddable":true,"href":"https:\/\/www.dobbiacocortina.org\/it\/wp-json\/wp\/v2\/users\/1"}],"replies":[{"embeddable":true,"href":"https:\/\/www.dobbiacocortina.org\/it\/wp-json\/wp\/v2\/comments?post=5698"}],"version-history":[{"count":4,"href":"https:\/\/www.dobbiacocortina.org\/it\/wp-json\/wp\/v2\/posts\/5698\/revisions"}],"predecessor-version":[{"id":5707,"href":"https:\/\/www.dobbiacocortina.org\/it\/wp-json\/wp\/v2\/posts\/5698\/revisions\/5707"}],"wp:featuredmedia":[{"embeddable":true,"href":"https:\/\/www.dobbiacocortina.org\/it\/wp-json\/wp\/v2\/media\/5703"}],"wp:attachment":[{"href":"https:\/\/www.dobbiacocortina.org\/it\/wp-json\/wp\/v2\/media?parent=5698"}],"wp:term":[{"taxonomy":"category","embeddable":true,"href":"https:\/\/www.dobbiacocortina.org\/it\/wp-json\/wp\/v2\/categories?post=5698"},{"taxonomy":"post_tag","embeddable":true,"href":"https:\/\/www.dobbiacocortina.org\/it\/wp-json\/wp\/v2\/tags?post=5698"}],"curies":[{"name":"wp","href":"https:\/\/api.w.org\/{rel}","templated":true}]}}