{"id":6253,"date":"2024-05-30T11:36:40","date_gmt":"2024-05-30T09:36:40","guid":{"rendered":"https:\/\/www.dobbiacocortina.org\/?p=6253"},"modified":"2024-05-30T11:38:38","modified_gmt":"2024-05-30T09:38:38","slug":"iscrizioni-aperte-da-sabato-1-giugno-con-la-speciale-tariffa-early-bird","status":"publish","type":"post","link":"https:\/\/www.dobbiacocortina.org\/it\/iscrizioni-aperte-da-sabato-1-giugno-con-la-speciale-tariffa-early-bird\/","title":{"rendered":"Iscrizioni aperte da sabato 1 giugno con la speciale tariffa \u201cearly bird\u201d"},"content":{"rendered":"\t\t<div data-elementor-type=\"wp-post\" data-elementor-id=\"6253\" class=\"elementor elementor-6253 elementor-6240\">\n\t\t\t\t\t\t<section class=\"elementor-section elementor-top-section elementor-element elementor-element-8b6861e elementor-section-boxed elementor-section-height-default elementor-section-height-default\" data-id=\"8b6861e\" data-element_type=\"section\" data-settings=\"{&quot;jet_parallax_layout_list&quot;:[]}\">\n\t\t\t\t\t\t<div class=\"elementor-container elementor-column-gap-default\">\n\t\t\t\t\t<div class=\"elementor-column elementor-col-100 elementor-top-column elementor-element elementor-element-9884643\" data-id=\"9884643\" data-element_type=\"column\">\n\t\t\t<div class=\"elementor-widget-wrap elementor-element-populated\">\n\t\t\t\t\t\t<div class=\"elementor-element elementor-element-6b772c7 elementor-widget elementor-widget-text-editor\" data-id=\"6b772c7\" data-element_type=\"widget\" data-widget_type=\"text-editor.default\">\n\t\t\t\t<div class=\"elementor-widget-container\">\n\t\t\t\t\t\t\t\t\t<p><b>In palio a estrazione fra i primi 100 iscritti 10 set \u201czainetto &amp; telo\u201d personalizzati.<\/b><\/p><p>Non si arresta la magia della Granfondo Dobbiaco-Cortina, pronta a prendere il volo per la sua 48.a edizione nel fine settimana dell\u20191 e 2 febbraio 2025.<\/p><p>Le date dell\u2019edizione 2025 sono confermate per il primo weekend di febbraio, con la manifestazione a riproporre l\u2019amato format: sabato 1 febbraio saranno i cultori della tecnica classica ad aprire le danze della Dobbiaco-Cortina con la 42 km TC, mentre domenica 2 febbraio potranno scatenarsi anche gli amanti della tecnica libera, lungo il tracciato da 35 km.<\/p><p>Per entrambi i percorsi la partenza \u00e8 dall\u2019aeroporto militare di Dobbiaco, da dove si \u201cdecolla\u201d in direzione del traguardo di Fiames \u2013 Cortina d\u2019Ampezzo ai piedi del Pomagagnon, gruppo montuoso simbolo delle Dolomiti Ampezzane. A dir poco iconici i passaggi di gara fra i suggestivi laghi di Landro e di Dobbiaco, l\u2019impareggiabile Vista Tre Cime e il Gran Premio della Montagna del Passo Cimabanche (1529 mt).<\/p><p>Le iscrizioni per la 48.a Granfondo Dobbiaco-Cortina, il cui prestigio viene riconfermato ancora una volta con l\u2019inserimento delle gare all\u2019interno del calendario del blasonato circuito internazionale di Ski Classics fra gli eventi Challengers, aprono sabato 1 giugno. Sar\u00e0 possibile <a href=\"https:\/\/www.dobbiacocortina.org\/it\/iscrizione\/\">iscriversi online<\/a> approfittando della speciale promozione \u201cearly bird\u201d attiva per tutto il mese di giugno e che fissa le tariffe a 65 \u20ac per la prova in tecnica classica, 50 \u20ac per quella in tecnica libera e 115 \u20ac per la combinata. Alla Granfondo Dobbiaco-Cortina ci sar\u00e0 infatti la possibilit\u00e0 di prendere parte a entrambe le gare in programma, e a tutti gli iscritti verr\u00e0 omaggiato un gadget di valore. Importante ricordare anche l\u2019impegno della manifestazione per la promozione dello sci di fondo fra le nuove generazioni, con la Granfondo Dobbiaco-Cortina a riproporre la quota \u201c30 for U23\u201d riservata ai fondisti pi\u00f9 giovani. Per tutti gli Under23 il costo d\u2019iscrizione alla gara rester\u00e0 fisso a 30 \u20ac (60 \u20ac per la combinata).<\/p><p>Attenzione, perch\u00e9 tra i primi 100 iscritti verranno estratti a sorte dieci fortunati fondisti che riceveranno comodamente a casa lo speciale set \u201czainetto &amp; telo\u201d della Granfondo Dobbiaco-Cortina. Un kit indispensabile agli sportivi per l\u2019arrivo dell\u2019estate, da sfoggiare in spiaggia, in citt\u00e0 o in montagna.<\/p>\t\t\t\t\t\t\t\t<\/div>\n\t\t\t\t<\/div>\n\t\t\t\t\t<\/div>\n\t\t<\/div>\n\t\t\t\t\t<\/div>\n\t\t<\/section>\n\t\t\t\t<\/div>\n\t\t","protected":false},"excerpt":{"rendered":"<p>In palio a estrazione fra i primi 100 iscritti 10 set \u201czainetto &amp; telo\u201d personalizzati. Non si arresta la magia della Granfondo Dobbiaco-Cortina, pronta a prendere il volo per la sua 48.a edizione nel fine settimana dell\u20191 e 2 febbraio 2025. Le date dell\u2019edizione 2025 sono confermate per il primo weekend di febbraio, con la [&hellip;]<\/p>\n","protected":false},"author":1,"featured_media":6247,"comment_status":"closed","ping_status":"closed","sticky":false,"template":"","format":"standard","meta":{"_acf_changed":false,"footnotes":""},"categories":[9],"tags":[],"class_list":["post-6253","post","type-post","status-publish","format-standard","has-post-thumbnail","hentry","category-non-categorizzato"],"acf":[],"yoast_head":"<!-- This site is optimized with the Yoast SEO plugin v27.5 - https:\/\/yoast.com\/product\/yoast-seo-wordpress\/ -->\n<title>Iscrizioni aperte da sabato 1 giugno con la speciale tariffa \u201cearly bird\u201d - Granfondo Dobbiaco Cortina Classic Skating<\/title>\n<meta name=\"robots\" content=\"index, follow, max-snippet:-1, max-image-preview:large, max-video-preview:-1\" \/>\n<link rel=\"canonical\" href=\"https:\/\/www.dobbiacocortina.org\/it\/iscrizioni-aperte-da-sabato-1-giugno-con-la-speciale-tariffa-early-bird\/\" \/>\n<meta property=\"og:locale\" content=\"it_IT\" \/>\n<meta property=\"og:type\" content=\"article\" \/>\n<meta property=\"og:title\" content=\"Iscrizioni aperte da sabato 1 giugno con la speciale tariffa \u201cearly bird\u201d - Granfondo Dobbiaco Cortina Classic Skating\" \/>\n<meta property=\"og:description\" content=\"In palio a estrazione fra i primi 100 iscritti 10 set \u201czainetto &amp; telo\u201d personalizzati. Non si arresta la magia della Granfondo Dobbiaco-Cortina, pronta a prendere il volo per la sua 48.a edizione nel fine settimana dell\u20191 e 2 febbraio 2025. Le date dell\u2019edizione 2025 sono confermate per il primo weekend di febbraio, con la [&hellip;]\" \/>\n<meta property=\"og:url\" content=\"https:\/\/www.dobbiacocortina.org\/it\/iscrizioni-aperte-da-sabato-1-giugno-con-la-speciale-tariffa-early-bird\/\" \/>\n<meta property=\"og:site_name\" content=\"Granfondo Dobbiaco Cortina Classic Skating\" \/>\n<meta property=\"article:publisher\" content=\"https:\/\/www.facebook.com\/toblach.cortina\/\" \/>\n<meta property=\"article:published_time\" content=\"2024-05-30T09:36:40+00:00\" \/>\n<meta property=\"article:modified_time\" content=\"2024-05-30T09:38:38+00:00\" \/>\n<meta property=\"og:image\" content=\"https:\/\/www.dobbiacocortina.org\/wp-content\/uploads\/TOCO-einschreibung-zainetto.jpg\" \/>\n\t<meta property=\"og:image:width\" content=\"1000\" \/>\n\t<meta property=\"og:image:height\" content=\"1000\" \/>\n\t<meta property=\"og:image:type\" content=\"image\/jpeg\" \/>\n<meta name=\"author\" content=\"fuchsdesign\" \/>\n<meta name=\"twitter:card\" content=\"summary_large_image\" \/>\n<meta name=\"twitter:creator\" content=\"@toblachcortina\" \/>\n<meta name=\"twitter:site\" content=\"@toblachcortina\" \/>\n<meta name=\"twitter:label1\" content=\"Scritto da\" \/>\n\t<meta name=\"twitter:data1\" content=\"fuchsdesign\" \/>\n\t<meta name=\"twitter:label2\" content=\"Tempo di lettura stimato\" \/>\n\t<meta name=\"twitter:data2\" content=\"2 minuti\" \/>\n<script type=\"application\/ld+json\" class=\"yoast-schema-graph\">{\"@context\":\"https:\\\/\\\/schema.org\",\"@graph\":[{\"@type\":\"Article\",\"@id\":\"https:\\\/\\\/www.dobbiacocortina.org\\\/it\\\/iscrizioni-aperte-da-sabato-1-giugno-con-la-speciale-tariffa-early-bird\\\/#article\",\"isPartOf\":{\"@id\":\"https:\\\/\\\/www.dobbiacocortina.org\\\/it\\\/iscrizioni-aperte-da-sabato-1-giugno-con-la-speciale-tariffa-early-bird\\\/\"},\"author\":{\"name\":\"fuchsdesign\",\"@id\":\"https:\\\/\\\/www.dobbiacocortina.org\\\/#\\\/schema\\\/person\\\/978d7806e763afb92d86d8ea832c169d\"},\"headline\":\"Iscrizioni aperte da sabato 1 giugno con la speciale tariffa \u201cearly bird\u201d\",\"datePublished\":\"2024-05-30T09:36:40+00:00\",\"dateModified\":\"2024-05-30T09:38:38+00:00\",\"mainEntityOfPage\":{\"@id\":\"https:\\\/\\\/www.dobbiacocortina.org\\\/it\\\/iscrizioni-aperte-da-sabato-1-giugno-con-la-speciale-tariffa-early-bird\\\/\"},\"wordCount\":367,\"publisher\":{\"@id\":\"https:\\\/\\\/www.dobbiacocortina.org\\\/#organization\"},\"image\":{\"@id\":\"https:\\\/\\\/www.dobbiacocortina.org\\\/it\\\/iscrizioni-aperte-da-sabato-1-giugno-con-la-speciale-tariffa-early-bird\\\/#primaryimage\"},\"thumbnailUrl\":\"https:\\\/\\\/www.dobbiacocortina.org\\\/wp-content\\\/uploads\\\/TOCO-einschreibung-zainetto.jpg\",\"articleSection\":[\"Non categorizzato\"],\"inLanguage\":\"it-IT\"},{\"@type\":\"WebPage\",\"@id\":\"https:\\\/\\\/www.dobbiacocortina.org\\\/it\\\/iscrizioni-aperte-da-sabato-1-giugno-con-la-speciale-tariffa-early-bird\\\/\",\"url\":\"https:\\\/\\\/www.dobbiacocortina.org\\\/it\\\/iscrizioni-aperte-da-sabato-1-giugno-con-la-speciale-tariffa-early-bird\\\/\",\"name\":\"Iscrizioni aperte da sabato 1 giugno con la speciale tariffa \u201cearly bird\u201d - Granfondo Dobbiaco Cortina Classic Skating\",\"isPartOf\":{\"@id\":\"https:\\\/\\\/www.dobbiacocortina.org\\\/#website\"},\"primaryImageOfPage\":{\"@id\":\"https:\\\/\\\/www.dobbiacocortina.org\\\/it\\\/iscrizioni-aperte-da-sabato-1-giugno-con-la-speciale-tariffa-early-bird\\\/#primaryimage\"},\"image\":{\"@id\":\"https:\\\/\\\/www.dobbiacocortina.org\\\/it\\\/iscrizioni-aperte-da-sabato-1-giugno-con-la-speciale-tariffa-early-bird\\\/#primaryimage\"},\"thumbnailUrl\":\"https:\\\/\\\/www.dobbiacocortina.org\\\/wp-content\\\/uploads\\\/TOCO-einschreibung-zainetto.jpg\",\"datePublished\":\"2024-05-30T09:36:40+00:00\",\"dateModified\":\"2024-05-30T09:38:38+00:00\",\"breadcrumb\":{\"@id\":\"https:\\\/\\\/www.dobbiacocortina.org\\\/it\\\/iscrizioni-aperte-da-sabato-1-giugno-con-la-speciale-tariffa-early-bird\\\/#breadcrumb\"},\"inLanguage\":\"it-IT\",\"potentialAction\":[{\"@type\":\"ReadAction\",\"target\":[\"https:\\\/\\\/www.dobbiacocortina.org\\\/it\\\/iscrizioni-aperte-da-sabato-1-giugno-con-la-speciale-tariffa-early-bird\\\/\"]}]},{\"@type\":\"ImageObject\",\"inLanguage\":\"it-IT\",\"@id\":\"https:\\\/\\\/www.dobbiacocortina.org\\\/it\\\/iscrizioni-aperte-da-sabato-1-giugno-con-la-speciale-tariffa-early-bird\\\/#primaryimage\",\"url\":\"https:\\\/\\\/www.dobbiacocortina.org\\\/wp-content\\\/uploads\\\/TOCO-einschreibung-zainetto.jpg\",\"contentUrl\":\"https:\\\/\\\/www.dobbiacocortina.org\\\/wp-content\\\/uploads\\\/TOCO-einschreibung-zainetto.jpg\",\"width\":1000,\"height\":1000},{\"@type\":\"BreadcrumbList\",\"@id\":\"https:\\\/\\\/www.dobbiacocortina.org\\\/it\\\/iscrizioni-aperte-da-sabato-1-giugno-con-la-speciale-tariffa-early-bird\\\/#breadcrumb\",\"itemListElement\":[{\"@type\":\"ListItem\",\"position\":1,\"name\":\"Startseite\",\"item\":\"https:\\\/\\\/www.dobbiacocortina.org\\\/it\\\/\"},{\"@type\":\"ListItem\",\"position\":2,\"name\":\"Iscrizioni aperte da sabato 1 giugno con la speciale tariffa \u201cearly bird\u201d\"}]},{\"@type\":\"WebSite\",\"@id\":\"https:\\\/\\\/www.dobbiacocortina.org\\\/#website\",\"url\":\"https:\\\/\\\/www.dobbiacocortina.org\\\/\",\"name\":\"Dobbiaco Cortina\",\"description\":\"\",\"publisher\":{\"@id\":\"https:\\\/\\\/www.dobbiacocortina.org\\\/#organization\"},\"potentialAction\":[{\"@type\":\"SearchAction\",\"target\":{\"@type\":\"EntryPoint\",\"urlTemplate\":\"https:\\\/\\\/www.dobbiacocortina.org\\\/?s={search_term_string}\"},\"query-input\":{\"@type\":\"PropertyValueSpecification\",\"valueRequired\":true,\"valueName\":\"search_term_string\"}}],\"inLanguage\":\"it-IT\"},{\"@type\":\"Organization\",\"@id\":\"https:\\\/\\\/www.dobbiacocortina.org\\\/#organization\",\"name\":\"Toblach - Cortina\",\"url\":\"https:\\\/\\\/www.dobbiacocortina.org\\\/\",\"logo\":{\"@type\":\"ImageObject\",\"inLanguage\":\"it-IT\",\"@id\":\"https:\\\/\\\/www.dobbiacocortina.org\\\/#\\\/schema\\\/logo\\\/image\\\/\",\"url\":\"https:\\\/\\\/www.dobbiacocortina.org\\\/wp-content\\\/uploads\\\/Logo-Toblach_Cortina.png\",\"contentUrl\":\"https:\\\/\\\/www.dobbiacocortina.org\\\/wp-content\\\/uploads\\\/Logo-Toblach_Cortina.png\",\"width\":300,\"height\":300,\"caption\":\"Toblach - Cortina\"},\"image\":{\"@id\":\"https:\\\/\\\/www.dobbiacocortina.org\\\/#\\\/schema\\\/logo\\\/image\\\/\"},\"sameAs\":[\"https:\\\/\\\/www.facebook.com\\\/toblach.cortina\\\/\",\"https:\\\/\\\/x.com\\\/toblachcortina\",\"https:\\\/\\\/www.instagram.com\\\/dobbiacocortina\\\/\"]},{\"@type\":\"Person\",\"@id\":\"https:\\\/\\\/www.dobbiacocortina.org\\\/#\\\/schema\\\/person\\\/978d7806e763afb92d86d8ea832c169d\",\"name\":\"fuchsdesign\",\"sameAs\":[\"https:\\\/\\\/www.dobbiacocortina.org\"]}]}<\/script>\n<!-- \/ Yoast SEO plugin. -->","yoast_head_json":{"title":"Iscrizioni aperte da sabato 1 giugno con la speciale tariffa \u201cearly bird\u201d - Granfondo Dobbiaco Cortina Classic Skating","robots":{"index":"index","follow":"follow","max-snippet":"max-snippet:-1","max-image-preview":"max-image-preview:large","max-video-preview":"max-video-preview:-1"},"canonical":"https:\/\/www.dobbiacocortina.org\/it\/iscrizioni-aperte-da-sabato-1-giugno-con-la-speciale-tariffa-early-bird\/","og_locale":"it_IT","og_type":"article","og_title":"Iscrizioni aperte da sabato 1 giugno con la speciale tariffa \u201cearly bird\u201d - Granfondo Dobbiaco Cortina Classic Skating","og_description":"In palio a estrazione fra i primi 100 iscritti 10 set \u201czainetto &amp; telo\u201d personalizzati. Non si arresta la magia della Granfondo Dobbiaco-Cortina, pronta a prendere il volo per la sua 48.a edizione nel fine settimana dell\u20191 e 2 febbraio 2025. Le date dell\u2019edizione 2025 sono confermate per il primo weekend di febbraio, con la [&hellip;]","og_url":"https:\/\/www.dobbiacocortina.org\/it\/iscrizioni-aperte-da-sabato-1-giugno-con-la-speciale-tariffa-early-bird\/","og_site_name":"Granfondo Dobbiaco Cortina Classic Skating","article_publisher":"https:\/\/www.facebook.com\/toblach.cortina\/","article_published_time":"2024-05-30T09:36:40+00:00","article_modified_time":"2024-05-30T09:38:38+00:00","og_image":[{"width":1000,"height":1000,"url":"https:\/\/www.dobbiacocortina.org\/wp-content\/uploads\/TOCO-einschreibung-zainetto.jpg","type":"image\/jpeg"}],"author":"fuchsdesign","twitter_card":"summary_large_image","twitter_creator":"@toblachcortina","twitter_site":"@toblachcortina","twitter_misc":{"Scritto da":"fuchsdesign","Tempo di lettura stimato":"2 minuti"},"schema":{"@context":"https:\/\/schema.org","@graph":[{"@type":"Article","@id":"https:\/\/www.dobbiacocortina.org\/it\/iscrizioni-aperte-da-sabato-1-giugno-con-la-speciale-tariffa-early-bird\/#article","isPartOf":{"@id":"https:\/\/www.dobbiacocortina.org\/it\/iscrizioni-aperte-da-sabato-1-giugno-con-la-speciale-tariffa-early-bird\/"},"author":{"name":"fuchsdesign","@id":"https:\/\/www.dobbiacocortina.org\/#\/schema\/person\/978d7806e763afb92d86d8ea832c169d"},"headline":"Iscrizioni aperte da sabato 1 giugno con la speciale tariffa \u201cearly bird\u201d","datePublished":"2024-05-30T09:36:40+00:00","dateModified":"2024-05-30T09:38:38+00:00","mainEntityOfPage":{"@id":"https:\/\/www.dobbiacocortina.org\/it\/iscrizioni-aperte-da-sabato-1-giugno-con-la-speciale-tariffa-early-bird\/"},"wordCount":367,"publisher":{"@id":"https:\/\/www.dobbiacocortina.org\/#organization"},"image":{"@id":"https:\/\/www.dobbiacocortina.org\/it\/iscrizioni-aperte-da-sabato-1-giugno-con-la-speciale-tariffa-early-bird\/#primaryimage"},"thumbnailUrl":"https:\/\/www.dobbiacocortina.org\/wp-content\/uploads\/TOCO-einschreibung-zainetto.jpg","articleSection":["Non categorizzato"],"inLanguage":"it-IT"},{"@type":"WebPage","@id":"https:\/\/www.dobbiacocortina.org\/it\/iscrizioni-aperte-da-sabato-1-giugno-con-la-speciale-tariffa-early-bird\/","url":"https:\/\/www.dobbiacocortina.org\/it\/iscrizioni-aperte-da-sabato-1-giugno-con-la-speciale-tariffa-early-bird\/","name":"Iscrizioni aperte da sabato 1 giugno con la speciale tariffa \u201cearly bird\u201d - Granfondo Dobbiaco Cortina Classic Skating","isPartOf":{"@id":"https:\/\/www.dobbiacocortina.org\/#website"},"primaryImageOfPage":{"@id":"https:\/\/www.dobbiacocortina.org\/it\/iscrizioni-aperte-da-sabato-1-giugno-con-la-speciale-tariffa-early-bird\/#primaryimage"},"image":{"@id":"https:\/\/www.dobbiacocortina.org\/it\/iscrizioni-aperte-da-sabato-1-giugno-con-la-speciale-tariffa-early-bird\/#primaryimage"},"thumbnailUrl":"https:\/\/www.dobbiacocortina.org\/wp-content\/uploads\/TOCO-einschreibung-zainetto.jpg","datePublished":"2024-05-30T09:36:40+00:00","dateModified":"2024-05-30T09:38:38+00:00","breadcrumb":{"@id":"https:\/\/www.dobbiacocortina.org\/it\/iscrizioni-aperte-da-sabato-1-giugno-con-la-speciale-tariffa-early-bird\/#breadcrumb"},"inLanguage":"it-IT","potentialAction":[{"@type":"ReadAction","target":["https:\/\/www.dobbiacocortina.org\/it\/iscrizioni-aperte-da-sabato-1-giugno-con-la-speciale-tariffa-early-bird\/"]}]},{"@type":"ImageObject","inLanguage":"it-IT","@id":"https:\/\/www.dobbiacocortina.org\/it\/iscrizioni-aperte-da-sabato-1-giugno-con-la-speciale-tariffa-early-bird\/#primaryimage","url":"https:\/\/www.dobbiacocortina.org\/wp-content\/uploads\/TOCO-einschreibung-zainetto.jpg","contentUrl":"https:\/\/www.dobbiacocortina.org\/wp-content\/uploads\/TOCO-einschreibung-zainetto.jpg","width":1000,"height":1000},{"@type":"BreadcrumbList","@id":"https:\/\/www.dobbiacocortina.org\/it\/iscrizioni-aperte-da-sabato-1-giugno-con-la-speciale-tariffa-early-bird\/#breadcrumb","itemListElement":[{"@type":"ListItem","position":1,"name":"Startseite","item":"https:\/\/www.dobbiacocortina.org\/it\/"},{"@type":"ListItem","position":2,"name":"Iscrizioni aperte da sabato 1 giugno con la speciale tariffa \u201cearly bird\u201d"}]},{"@type":"WebSite","@id":"https:\/\/www.dobbiacocortina.org\/#website","url":"https:\/\/www.dobbiacocortina.org\/","name":"Dobbiaco Cortina","description":"","publisher":{"@id":"https:\/\/www.dobbiacocortina.org\/#organization"},"potentialAction":[{"@type":"SearchAction","target":{"@type":"EntryPoint","urlTemplate":"https:\/\/www.dobbiacocortina.org\/?s={search_term_string}"},"query-input":{"@type":"PropertyValueSpecification","valueRequired":true,"valueName":"search_term_string"}}],"inLanguage":"it-IT"},{"@type":"Organization","@id":"https:\/\/www.dobbiacocortina.org\/#organization","name":"Toblach - Cortina","url":"https:\/\/www.dobbiacocortina.org\/","logo":{"@type":"ImageObject","inLanguage":"it-IT","@id":"https:\/\/www.dobbiacocortina.org\/#\/schema\/logo\/image\/","url":"https:\/\/www.dobbiacocortina.org\/wp-content\/uploads\/Logo-Toblach_Cortina.png","contentUrl":"https:\/\/www.dobbiacocortina.org\/wp-content\/uploads\/Logo-Toblach_Cortina.png","width":300,"height":300,"caption":"Toblach - Cortina"},"image":{"@id":"https:\/\/www.dobbiacocortina.org\/#\/schema\/logo\/image\/"},"sameAs":["https:\/\/www.facebook.com\/toblach.cortina\/","https:\/\/x.com\/toblachcortina","https:\/\/www.instagram.com\/dobbiacocortina\/"]},{"@type":"Person","@id":"https:\/\/www.dobbiacocortina.org\/#\/schema\/person\/978d7806e763afb92d86d8ea832c169d","name":"fuchsdesign","sameAs":["https:\/\/www.dobbiacocortina.org"]}]}},"_links":{"self":[{"href":"https:\/\/www.dobbiacocortina.org\/it\/wp-json\/wp\/v2\/posts\/6253","targetHints":{"allow":["GET"]}}],"collection":[{"href":"https:\/\/www.dobbiacocortina.org\/it\/wp-json\/wp\/v2\/posts"}],"about":[{"href":"https:\/\/www.dobbiacocortina.org\/it\/wp-json\/wp\/v2\/types\/post"}],"author":[{"embeddable":true,"href":"https:\/\/www.dobbiacocortina.org\/it\/wp-json\/wp\/v2\/users\/1"}],"replies":[{"embeddable":true,"href":"https:\/\/www.dobbiacocortina.org\/it\/wp-json\/wp\/v2\/comments?post=6253"}],"version-history":[{"count":4,"href":"https:\/\/www.dobbiacocortina.org\/it\/wp-json\/wp\/v2\/posts\/6253\/revisions"}],"predecessor-version":[{"id":6257,"href":"https:\/\/www.dobbiacocortina.org\/it\/wp-json\/wp\/v2\/posts\/6253\/revisions\/6257"}],"wp:featuredmedia":[{"embeddable":true,"href":"https:\/\/www.dobbiacocortina.org\/it\/wp-json\/wp\/v2\/media\/6247"}],"wp:attachment":[{"href":"https:\/\/www.dobbiacocortina.org\/it\/wp-json\/wp\/v2\/media?parent=6253"}],"wp:term":[{"taxonomy":"category","embeddable":true,"href":"https:\/\/www.dobbiacocortina.org\/it\/wp-json\/wp\/v2\/categories?post=6253"},{"taxonomy":"post_tag","embeddable":true,"href":"https:\/\/www.dobbiacocortina.org\/it\/wp-json\/wp\/v2\/tags?post=6253"}],"curies":[{"name":"wp","href":"https:\/\/api.w.org\/{rel}","templated":true}]}}