{"id":6819,"date":"2025-02-01T12:00:00","date_gmt":"2025-02-01T11:00:00","guid":{"rendered":"https:\/\/www.dobbiacocortina.org\/?p=6819"},"modified":"2025-02-02T09:14:22","modified_gmt":"2025-02-02T08:14:22","slug":"nygaard-boerjesjoe-e-chi-senno","status":"publish","type":"post","link":"https:\/\/www.dobbiacocortina.org\/it\/nygaard-boerjesjoe-e-chi-senno\/","title":{"rendered":"Nygaard &amp; B\u00f6rjesj\u00f6: e chi senn\u00f2?"},"content":{"rendered":"\t\t<div data-elementor-type=\"wp-post\" data-elementor-id=\"6819\" class=\"elementor elementor-6819\">\n\t\t\t\t\t\t<section class=\"elementor-section elementor-top-section elementor-element elementor-element-9612b6f elementor-section-boxed elementor-section-height-default elementor-section-height-default\" data-id=\"9612b6f\" data-element_type=\"section\" data-settings=\"{&quot;jet_parallax_layout_list&quot;:[]}\">\n\t\t\t\t\t\t<div class=\"elementor-container elementor-column-gap-default\">\n\t\t\t\t\t<div class=\"elementor-column elementor-col-100 elementor-top-column elementor-element elementor-element-28e74fb\" data-id=\"28e74fb\" data-element_type=\"column\">\n\t\t\t<div class=\"elementor-widget-wrap elementor-element-populated\">\n\t\t\t\t\t\t<div class=\"elementor-element elementor-element-01e55b2 elementor-widget elementor-widget-text-editor\" data-id=\"01e55b2\" data-element_type=\"widget\" data-widget_type=\"text-editor.default\">\n\t\t\t\t<div class=\"elementor-widget-container\">\n\t\t\t\t\t\t\t\t\t<p><strong>Partita da Dobbiaco la kermesse del circuito Ski Classics Challengers. Nygaard (NOR) e B\u00f6rjesj\u00f6 (SWE) vincono la 31 km in tecnica classica.<\/strong><\/p><p><strong>Il CO Granfondo Dobbiaco-Cortina festeggia l\u2019apertura sotto la neve, festa grande all\u2019arrivo di Fiames-Cortina d\u2019Ampezzo, domani la 31 km TL<\/strong><\/p><p>Uno spettacolo d\u2019altri tempi! Forse cos\u00ec si riesce a descrivere quello che si \u00e8 visto nella giornata inaugurale della 48.a Granfondo Dobbiaco-Cortina. Il percorso di 31 km, con lo start dalla Nordic Arena di Dobbiaco, prevedeva il transito dai luoghi pi\u00f9 affascinanti dell\u2019Alta Pusteria e dell\u2019Ampezzano e pure dalle gallerie dell\u2019ex ferrovia delle Dolomiti: uno spettacolo reso ancor pi\u00f9 suggestivo dalla nevicata. Quest\u2019ultima si \u00e8 abbattuta sin dalle ore prima della partenza delle 10 e ha imbiancato gli alberi e il contorno, ma ha altres\u00ec reso molto duro il tracciato che alla fine ha incoronato vincitori Andreas Nygaard (NOR) e Malin B\u00f6rjesj\u00f6 (SWE).<\/p><p>La gara maschile \u00e8 stata caratterizzata da un passo poco sostenuto, vista la forte nevicata che ha interessato appunto l\u2019Alta Pusteria ma soprattutto l&#8217;Ampezzano. Quando la neve \u00e8 lenta e poco scorrevole l\u2019habitat ideale del fondista \u00e8\u2026 la scia di un altro fondista. Il solo svedese Ekloef (6\u00b0) ha provato a fare la differenza sul duro, nei pressi del parco nazionale delle Tre Cime, ma senza riuscire nell\u2019intento di andarsene. Si \u00e8 quindi formato un gruppo di 19 atleti con tutti i migliori e all\u2019interno anche la bellezza di 9 azzurri. Allo scollinamento di Passo Cimabanche 13 di loro sono riusciti a scavare un piccolo gap di 12\u201d sugli inseguitori. Si \u00e8 poi affrontato il tratto in discesa verso al traguardo di Fiames, dove alcuni atleti tra cui l&#8217;altoatesino Amhof sono riusciti a rientrare, complice la neve molto lenta trovata dai battistrada. La soluzione finale non poteva che essere la volata, dove Andreas Nygaard ha dimostrato ancora tutta la sua forza. Il fresco campione della Marcialonga ha tagliato il traguardo davanti a tutti, vincendo lo sprint sul trentino d\u2019adozione Francesco Ferrari e sul finnico Lauri Lepist\u00f6, che ha preceduto al fotofinish il beniamino azzurro Dietmar Noeckler. Positiva anche la prova di Lorenzo Busin, 5\u00b0 a pochi centimetri dal podio.<\/p><p>\u201cSono molto contento, ci tenevo molto a vincere oggi visto che l\u2019anno scorso ero stato beffato di un\u2019incollatura ed avevo chiuso secondo. Oggi non c\u2019era possibilit\u00e0 di fare selezione, ho anche avuto dei crampi visto il ritmo basso che avevamo imposto ad un certo punto\u201d ha riferito il \u2018pirata\u2019 norvegese Nygaard con l\u2019alloro al collo.<\/p><p>Tanta selezione \u00e8 stata invece fatta nella prova femminile che ha visto, dopo il primo tratto di 3 km, gi\u00e0 sei atlete prendere il largo. La svedese B\u00f6rjesj\u00f6 ha messo le cose in chiaro sui tratti in leggera salita, grazie anche ad ottimi materiali come lei stessa ha ammesso a fine gara. Arrivati al Passo Cimabanche (21\u00b0 km), B\u00f6rjesj\u00f6 aveva 34\u201d di margine sulla pi\u00f9 immediata inseguitrice Oda Nerdrum (NOR). A quel punto, con i soli 10 km in discesa da percorrere e in compagnia di atleti maschi, per la svedese era fatta. C\u2019\u00e8 mancato poco che la campionessa uscente Heli Heiskanen (FIN), in compagnia di Anna Schmidhofer (AUT) non tornassero sotto alla norvegese Nerdrum, la quale ha comunque difeso il posto d\u2019onore.<\/p><p>\u201cOggi il nostro team ha fatto un gran lavoro, non avevo pianificato di costruire un gap: mi sono sentita forte in salita e ho continuato a spingere. Sapevo che poi la parte a me pi\u00f9 favorevole era la discesa ed \u00e8 stata una bella sensazione farla da leader\u201d ha riferito la coriacea svedese.<\/p><p>Ad attendere tutti i \u2018finisher\u2019, quindi coloro che si sono fatti strada lungo il Lago di Dobbiaco, il Cimitero di Guerra, Landro, Valfonda e Cimabanche e poi nelle gallerie verso Fiames c\u2019erano le medaglie in metallo con altorilievo personalizzato.<\/p><p>Il comitato organizzatore guidato da Herbert Santer si \u00e8 detto felice del contesto, reso ancora pi\u00f9 bello dalla neve. Un grande plauso anche ai tanti volontari dobbiachesi e cortinesi, al lavoro da settimane per garantire la riuscita di una delle gare pi\u00f9 apprezzate del circuito.<\/p><p>Domani per\u00f2 sar\u00e0 ancora cronaca di pista con altri 31 km da percorrere, stavolta in tecnica libera. Il percorso \u00e8 lo stesso della giornata odierna: appuntamento alle ore 10:00 con la partenza dalla Nordic Arena. Gara valida anche come Campionato nazionale Amatori e Master.<\/p>\t\t\t\t\t\t\t\t<\/div>\n\t\t\t\t<\/div>\n\t\t\t\t\t<\/div>\n\t\t<\/div>\n\t\t\t\t\t<\/div>\n\t\t<\/section>\n\t\t\t\t<\/div>\n\t\t","protected":false},"excerpt":{"rendered":"<p>Partita da Dobbiaco la kermesse del circuito Ski Classics Challengers. Nygaard (NOR) e B\u00f6rjesj\u00f6 (SWE) vincono la 31 km in tecnica classica. Il CO Granfondo Dobbiaco-Cortina festeggia l\u2019apertura sotto la neve, festa grande all\u2019arrivo di Fiames-Cortina d\u2019Ampezzo, domani la 31 km TL Uno spettacolo d\u2019altri tempi! Forse cos\u00ec si riesce a descrivere quello che si [&hellip;]<\/p>\n","protected":false},"author":1,"featured_media":6824,"comment_status":"closed","ping_status":"closed","sticky":false,"template":"","format":"standard","meta":{"_acf_changed":false,"footnotes":""},"categories":[9],"tags":[],"class_list":["post-6819","post","type-post","status-publish","format-standard","has-post-thumbnail","hentry","category-non-categorizzato"],"acf":[],"yoast_head":"<!-- This site is optimized with the Yoast SEO plugin v27.5 - https:\/\/yoast.com\/product\/yoast-seo-wordpress\/ -->\n<title>Nygaard &amp; B\u00f6rjesj\u00f6: e chi senn\u00f2? - Granfondo Dobbiaco Cortina Classic Skating<\/title>\n<meta name=\"robots\" content=\"index, follow, max-snippet:-1, max-image-preview:large, max-video-preview:-1\" \/>\n<link rel=\"canonical\" href=\"https:\/\/www.dobbiacocortina.org\/it\/nygaard-boerjesjoe-e-chi-senno\/\" \/>\n<meta property=\"og:locale\" content=\"it_IT\" \/>\n<meta property=\"og:type\" content=\"article\" \/>\n<meta property=\"og:title\" content=\"Nygaard &amp; B\u00f6rjesj\u00f6: e chi senn\u00f2? - Granfondo Dobbiaco Cortina Classic Skating\" \/>\n<meta property=\"og:description\" content=\"Partita da Dobbiaco la kermesse del circuito Ski Classics Challengers. Nygaard (NOR) e B\u00f6rjesj\u00f6 (SWE) vincono la 31 km in tecnica classica. Il CO Granfondo Dobbiaco-Cortina festeggia l\u2019apertura sotto la neve, festa grande all\u2019arrivo di Fiames-Cortina d\u2019Ampezzo, domani la 31 km TL Uno spettacolo d\u2019altri tempi! Forse cos\u00ec si riesce a descrivere quello che si [&hellip;]\" \/>\n<meta property=\"og:url\" content=\"https:\/\/www.dobbiacocortina.org\/it\/nygaard-boerjesjoe-e-chi-senno\/\" \/>\n<meta property=\"og:site_name\" content=\"Granfondo Dobbiaco Cortina Classic Skating\" \/>\n<meta property=\"article:publisher\" content=\"https:\/\/www.facebook.com\/toblach.cortina\/\" \/>\n<meta property=\"article:published_time\" content=\"2025-02-01T11:00:00+00:00\" \/>\n<meta property=\"article:modified_time\" content=\"2025-02-02T08:14:22+00:00\" \/>\n<meta property=\"og:image\" content=\"https:\/\/www.dobbiacocortina.org\/wp-content\/uploads\/partenza-classic-2025.jpg\" \/>\n\t<meta property=\"og:image:width\" content=\"1000\" \/>\n\t<meta property=\"og:image:height\" content=\"736\" \/>\n\t<meta property=\"og:image:type\" content=\"image\/jpeg\" \/>\n<meta name=\"author\" content=\"fuchsdesign\" \/>\n<meta name=\"twitter:card\" content=\"summary_large_image\" \/>\n<meta name=\"twitter:creator\" content=\"@toblachcortina\" \/>\n<meta name=\"twitter:site\" content=\"@toblachcortina\" \/>\n<meta name=\"twitter:label1\" content=\"Scritto da\" \/>\n\t<meta name=\"twitter:data1\" content=\"fuchsdesign\" \/>\n\t<meta name=\"twitter:label2\" content=\"Tempo di lettura stimato\" \/>\n\t<meta name=\"twitter:data2\" content=\"5 minuti\" \/>\n<script type=\"application\/ld+json\" class=\"yoast-schema-graph\">{\"@context\":\"https:\\\/\\\/schema.org\",\"@graph\":[{\"@type\":\"Article\",\"@id\":\"https:\\\/\\\/www.dobbiacocortina.org\\\/it\\\/nygaard-boerjesjoe-e-chi-senno\\\/#article\",\"isPartOf\":{\"@id\":\"https:\\\/\\\/www.dobbiacocortina.org\\\/it\\\/nygaard-boerjesjoe-e-chi-senno\\\/\"},\"author\":{\"name\":\"fuchsdesign\",\"@id\":\"https:\\\/\\\/www.dobbiacocortina.org\\\/#\\\/schema\\\/person\\\/978d7806e763afb92d86d8ea832c169d\"},\"headline\":\"Nygaard &amp; B\u00f6rjesj\u00f6: e chi senn\u00f2?\",\"datePublished\":\"2025-02-01T11:00:00+00:00\",\"dateModified\":\"2025-02-02T08:14:22+00:00\",\"mainEntityOfPage\":{\"@id\":\"https:\\\/\\\/www.dobbiacocortina.org\\\/it\\\/nygaard-boerjesjoe-e-chi-senno\\\/\"},\"wordCount\":718,\"publisher\":{\"@id\":\"https:\\\/\\\/www.dobbiacocortina.org\\\/#organization\"},\"image\":{\"@id\":\"https:\\\/\\\/www.dobbiacocortina.org\\\/it\\\/nygaard-boerjesjoe-e-chi-senno\\\/#primaryimage\"},\"thumbnailUrl\":\"https:\\\/\\\/www.dobbiacocortina.org\\\/wp-content\\\/uploads\\\/partenza-classic-2025.jpg\",\"articleSection\":[\"Non categorizzato\"],\"inLanguage\":\"it-IT\"},{\"@type\":\"WebPage\",\"@id\":\"https:\\\/\\\/www.dobbiacocortina.org\\\/it\\\/nygaard-boerjesjoe-e-chi-senno\\\/\",\"url\":\"https:\\\/\\\/www.dobbiacocortina.org\\\/it\\\/nygaard-boerjesjoe-e-chi-senno\\\/\",\"name\":\"Nygaard &amp; B\u00f6rjesj\u00f6: e chi senn\u00f2? - Granfondo Dobbiaco Cortina Classic Skating\",\"isPartOf\":{\"@id\":\"https:\\\/\\\/www.dobbiacocortina.org\\\/#website\"},\"primaryImageOfPage\":{\"@id\":\"https:\\\/\\\/www.dobbiacocortina.org\\\/it\\\/nygaard-boerjesjoe-e-chi-senno\\\/#primaryimage\"},\"image\":{\"@id\":\"https:\\\/\\\/www.dobbiacocortina.org\\\/it\\\/nygaard-boerjesjoe-e-chi-senno\\\/#primaryimage\"},\"thumbnailUrl\":\"https:\\\/\\\/www.dobbiacocortina.org\\\/wp-content\\\/uploads\\\/partenza-classic-2025.jpg\",\"datePublished\":\"2025-02-01T11:00:00+00:00\",\"dateModified\":\"2025-02-02T08:14:22+00:00\",\"breadcrumb\":{\"@id\":\"https:\\\/\\\/www.dobbiacocortina.org\\\/it\\\/nygaard-boerjesjoe-e-chi-senno\\\/#breadcrumb\"},\"inLanguage\":\"it-IT\",\"potentialAction\":[{\"@type\":\"ReadAction\",\"target\":[\"https:\\\/\\\/www.dobbiacocortina.org\\\/it\\\/nygaard-boerjesjoe-e-chi-senno\\\/\"]}]},{\"@type\":\"ImageObject\",\"inLanguage\":\"it-IT\",\"@id\":\"https:\\\/\\\/www.dobbiacocortina.org\\\/it\\\/nygaard-boerjesjoe-e-chi-senno\\\/#primaryimage\",\"url\":\"https:\\\/\\\/www.dobbiacocortina.org\\\/wp-content\\\/uploads\\\/partenza-classic-2025.jpg\",\"contentUrl\":\"https:\\\/\\\/www.dobbiacocortina.org\\\/wp-content\\\/uploads\\\/partenza-classic-2025.jpg\",\"width\":1000,\"height\":736},{\"@type\":\"BreadcrumbList\",\"@id\":\"https:\\\/\\\/www.dobbiacocortina.org\\\/it\\\/nygaard-boerjesjoe-e-chi-senno\\\/#breadcrumb\",\"itemListElement\":[{\"@type\":\"ListItem\",\"position\":1,\"name\":\"Startseite\",\"item\":\"https:\\\/\\\/www.dobbiacocortina.org\\\/it\\\/\"},{\"@type\":\"ListItem\",\"position\":2,\"name\":\"Nygaard &amp; B\u00f6rjesj\u00f6: e chi senn\u00f2?\"}]},{\"@type\":\"WebSite\",\"@id\":\"https:\\\/\\\/www.dobbiacocortina.org\\\/#website\",\"url\":\"https:\\\/\\\/www.dobbiacocortina.org\\\/\",\"name\":\"Dobbiaco Cortina\",\"description\":\"\",\"publisher\":{\"@id\":\"https:\\\/\\\/www.dobbiacocortina.org\\\/#organization\"},\"potentialAction\":[{\"@type\":\"SearchAction\",\"target\":{\"@type\":\"EntryPoint\",\"urlTemplate\":\"https:\\\/\\\/www.dobbiacocortina.org\\\/?s={search_term_string}\"},\"query-input\":{\"@type\":\"PropertyValueSpecification\",\"valueRequired\":true,\"valueName\":\"search_term_string\"}}],\"inLanguage\":\"it-IT\"},{\"@type\":\"Organization\",\"@id\":\"https:\\\/\\\/www.dobbiacocortina.org\\\/#organization\",\"name\":\"Toblach - Cortina\",\"url\":\"https:\\\/\\\/www.dobbiacocortina.org\\\/\",\"logo\":{\"@type\":\"ImageObject\",\"inLanguage\":\"it-IT\",\"@id\":\"https:\\\/\\\/www.dobbiacocortina.org\\\/#\\\/schema\\\/logo\\\/image\\\/\",\"url\":\"https:\\\/\\\/www.dobbiacocortina.org\\\/wp-content\\\/uploads\\\/Logo-Toblach_Cortina.png\",\"contentUrl\":\"https:\\\/\\\/www.dobbiacocortina.org\\\/wp-content\\\/uploads\\\/Logo-Toblach_Cortina.png\",\"width\":300,\"height\":300,\"caption\":\"Toblach - Cortina\"},\"image\":{\"@id\":\"https:\\\/\\\/www.dobbiacocortina.org\\\/#\\\/schema\\\/logo\\\/image\\\/\"},\"sameAs\":[\"https:\\\/\\\/www.facebook.com\\\/toblach.cortina\\\/\",\"https:\\\/\\\/x.com\\\/toblachcortina\",\"https:\\\/\\\/www.instagram.com\\\/dobbiacocortina\\\/\"]},{\"@type\":\"Person\",\"@id\":\"https:\\\/\\\/www.dobbiacocortina.org\\\/#\\\/schema\\\/person\\\/978d7806e763afb92d86d8ea832c169d\",\"name\":\"fuchsdesign\",\"sameAs\":[\"https:\\\/\\\/www.dobbiacocortina.org\"]}]}<\/script>\n<!-- \/ Yoast SEO plugin. -->","yoast_head_json":{"title":"Nygaard &amp; B\u00f6rjesj\u00f6: e chi senn\u00f2? - Granfondo Dobbiaco Cortina Classic Skating","robots":{"index":"index","follow":"follow","max-snippet":"max-snippet:-1","max-image-preview":"max-image-preview:large","max-video-preview":"max-video-preview:-1"},"canonical":"https:\/\/www.dobbiacocortina.org\/it\/nygaard-boerjesjoe-e-chi-senno\/","og_locale":"it_IT","og_type":"article","og_title":"Nygaard &amp; B\u00f6rjesj\u00f6: e chi senn\u00f2? - Granfondo Dobbiaco Cortina Classic Skating","og_description":"Partita da Dobbiaco la kermesse del circuito Ski Classics Challengers. Nygaard (NOR) e B\u00f6rjesj\u00f6 (SWE) vincono la 31 km in tecnica classica. Il CO Granfondo Dobbiaco-Cortina festeggia l\u2019apertura sotto la neve, festa grande all\u2019arrivo di Fiames-Cortina d\u2019Ampezzo, domani la 31 km TL Uno spettacolo d\u2019altri tempi! Forse cos\u00ec si riesce a descrivere quello che si [&hellip;]","og_url":"https:\/\/www.dobbiacocortina.org\/it\/nygaard-boerjesjoe-e-chi-senno\/","og_site_name":"Granfondo Dobbiaco Cortina Classic Skating","article_publisher":"https:\/\/www.facebook.com\/toblach.cortina\/","article_published_time":"2025-02-01T11:00:00+00:00","article_modified_time":"2025-02-02T08:14:22+00:00","og_image":[{"width":1000,"height":736,"url":"https:\/\/www.dobbiacocortina.org\/wp-content\/uploads\/partenza-classic-2025.jpg","type":"image\/jpeg"}],"author":"fuchsdesign","twitter_card":"summary_large_image","twitter_creator":"@toblachcortina","twitter_site":"@toblachcortina","twitter_misc":{"Scritto da":"fuchsdesign","Tempo di lettura stimato":"5 minuti"},"schema":{"@context":"https:\/\/schema.org","@graph":[{"@type":"Article","@id":"https:\/\/www.dobbiacocortina.org\/it\/nygaard-boerjesjoe-e-chi-senno\/#article","isPartOf":{"@id":"https:\/\/www.dobbiacocortina.org\/it\/nygaard-boerjesjoe-e-chi-senno\/"},"author":{"name":"fuchsdesign","@id":"https:\/\/www.dobbiacocortina.org\/#\/schema\/person\/978d7806e763afb92d86d8ea832c169d"},"headline":"Nygaard &amp; B\u00f6rjesj\u00f6: e chi senn\u00f2?","datePublished":"2025-02-01T11:00:00+00:00","dateModified":"2025-02-02T08:14:22+00:00","mainEntityOfPage":{"@id":"https:\/\/www.dobbiacocortina.org\/it\/nygaard-boerjesjoe-e-chi-senno\/"},"wordCount":718,"publisher":{"@id":"https:\/\/www.dobbiacocortina.org\/#organization"},"image":{"@id":"https:\/\/www.dobbiacocortina.org\/it\/nygaard-boerjesjoe-e-chi-senno\/#primaryimage"},"thumbnailUrl":"https:\/\/www.dobbiacocortina.org\/wp-content\/uploads\/partenza-classic-2025.jpg","articleSection":["Non categorizzato"],"inLanguage":"it-IT"},{"@type":"WebPage","@id":"https:\/\/www.dobbiacocortina.org\/it\/nygaard-boerjesjoe-e-chi-senno\/","url":"https:\/\/www.dobbiacocortina.org\/it\/nygaard-boerjesjoe-e-chi-senno\/","name":"Nygaard &amp; B\u00f6rjesj\u00f6: e chi senn\u00f2? - Granfondo Dobbiaco Cortina Classic Skating","isPartOf":{"@id":"https:\/\/www.dobbiacocortina.org\/#website"},"primaryImageOfPage":{"@id":"https:\/\/www.dobbiacocortina.org\/it\/nygaard-boerjesjoe-e-chi-senno\/#primaryimage"},"image":{"@id":"https:\/\/www.dobbiacocortina.org\/it\/nygaard-boerjesjoe-e-chi-senno\/#primaryimage"},"thumbnailUrl":"https:\/\/www.dobbiacocortina.org\/wp-content\/uploads\/partenza-classic-2025.jpg","datePublished":"2025-02-01T11:00:00+00:00","dateModified":"2025-02-02T08:14:22+00:00","breadcrumb":{"@id":"https:\/\/www.dobbiacocortina.org\/it\/nygaard-boerjesjoe-e-chi-senno\/#breadcrumb"},"inLanguage":"it-IT","potentialAction":[{"@type":"ReadAction","target":["https:\/\/www.dobbiacocortina.org\/it\/nygaard-boerjesjoe-e-chi-senno\/"]}]},{"@type":"ImageObject","inLanguage":"it-IT","@id":"https:\/\/www.dobbiacocortina.org\/it\/nygaard-boerjesjoe-e-chi-senno\/#primaryimage","url":"https:\/\/www.dobbiacocortina.org\/wp-content\/uploads\/partenza-classic-2025.jpg","contentUrl":"https:\/\/www.dobbiacocortina.org\/wp-content\/uploads\/partenza-classic-2025.jpg","width":1000,"height":736},{"@type":"BreadcrumbList","@id":"https:\/\/www.dobbiacocortina.org\/it\/nygaard-boerjesjoe-e-chi-senno\/#breadcrumb","itemListElement":[{"@type":"ListItem","position":1,"name":"Startseite","item":"https:\/\/www.dobbiacocortina.org\/it\/"},{"@type":"ListItem","position":2,"name":"Nygaard &amp; B\u00f6rjesj\u00f6: e chi senn\u00f2?"}]},{"@type":"WebSite","@id":"https:\/\/www.dobbiacocortina.org\/#website","url":"https:\/\/www.dobbiacocortina.org\/","name":"Dobbiaco Cortina","description":"","publisher":{"@id":"https:\/\/www.dobbiacocortina.org\/#organization"},"potentialAction":[{"@type":"SearchAction","target":{"@type":"EntryPoint","urlTemplate":"https:\/\/www.dobbiacocortina.org\/?s={search_term_string}"},"query-input":{"@type":"PropertyValueSpecification","valueRequired":true,"valueName":"search_term_string"}}],"inLanguage":"it-IT"},{"@type":"Organization","@id":"https:\/\/www.dobbiacocortina.org\/#organization","name":"Toblach - Cortina","url":"https:\/\/www.dobbiacocortina.org\/","logo":{"@type":"ImageObject","inLanguage":"it-IT","@id":"https:\/\/www.dobbiacocortina.org\/#\/schema\/logo\/image\/","url":"https:\/\/www.dobbiacocortina.org\/wp-content\/uploads\/Logo-Toblach_Cortina.png","contentUrl":"https:\/\/www.dobbiacocortina.org\/wp-content\/uploads\/Logo-Toblach_Cortina.png","width":300,"height":300,"caption":"Toblach - Cortina"},"image":{"@id":"https:\/\/www.dobbiacocortina.org\/#\/schema\/logo\/image\/"},"sameAs":["https:\/\/www.facebook.com\/toblach.cortina\/","https:\/\/x.com\/toblachcortina","https:\/\/www.instagram.com\/dobbiacocortina\/"]},{"@type":"Person","@id":"https:\/\/www.dobbiacocortina.org\/#\/schema\/person\/978d7806e763afb92d86d8ea832c169d","name":"fuchsdesign","sameAs":["https:\/\/www.dobbiacocortina.org"]}]}},"_links":{"self":[{"href":"https:\/\/www.dobbiacocortina.org\/it\/wp-json\/wp\/v2\/posts\/6819","targetHints":{"allow":["GET"]}}],"collection":[{"href":"https:\/\/www.dobbiacocortina.org\/it\/wp-json\/wp\/v2\/posts"}],"about":[{"href":"https:\/\/www.dobbiacocortina.org\/it\/wp-json\/wp\/v2\/types\/post"}],"author":[{"embeddable":true,"href":"https:\/\/www.dobbiacocortina.org\/it\/wp-json\/wp\/v2\/users\/1"}],"replies":[{"embeddable":true,"href":"https:\/\/www.dobbiacocortina.org\/it\/wp-json\/wp\/v2\/comments?post=6819"}],"version-history":[{"count":5,"href":"https:\/\/www.dobbiacocortina.org\/it\/wp-json\/wp\/v2\/posts\/6819\/revisions"}],"predecessor-version":[{"id":6827,"href":"https:\/\/www.dobbiacocortina.org\/it\/wp-json\/wp\/v2\/posts\/6819\/revisions\/6827"}],"wp:featuredmedia":[{"embeddable":true,"href":"https:\/\/www.dobbiacocortina.org\/it\/wp-json\/wp\/v2\/media\/6824"}],"wp:attachment":[{"href":"https:\/\/www.dobbiacocortina.org\/it\/wp-json\/wp\/v2\/media?parent=6819"}],"wp:term":[{"taxonomy":"category","embeddable":true,"href":"https:\/\/www.dobbiacocortina.org\/it\/wp-json\/wp\/v2\/categories?post=6819"},{"taxonomy":"post_tag","embeddable":true,"href":"https:\/\/www.dobbiacocortina.org\/it\/wp-json\/wp\/v2\/tags?post=6819"}],"curies":[{"name":"wp","href":"https:\/\/api.w.org\/{rel}","templated":true}]}}