{"id":7972,"date":"2026-01-17T09:16:57","date_gmt":"2026-01-17T08:16:57","guid":{"rendered":"https:\/\/www.dobbiacocortina.org\/?p=7972"},"modified":"2026-01-19T09:23:32","modified_gmt":"2026-01-19T08:23:32","slug":"armellini-spacca-alla-dobbiaco-cortina-borjesjo-e-le-vichinghe-alla-nordic-arena","status":"publish","type":"post","link":"https:\/\/www.dobbiacocortina.org\/it\/armellini-spacca-alla-dobbiaco-cortina-borjesjo-e-le-vichinghe-alla-nordic-arena\/","title":{"rendered":"Armellini &#8220;spacca&#8221; alla Dobbiaco-Cortina. B\u00f6rjesj\u00f6 e le vichinghe alla Nordic Arena"},"content":{"rendered":"\t\t<div data-elementor-type=\"wp-post\" data-elementor-id=\"7972\" class=\"elementor elementor-7972 elementor-7964\">\n\t\t\t\t\t\t<section class=\"elementor-section elementor-top-section elementor-element elementor-element-0f76dfc elementor-section-boxed elementor-section-height-default elementor-section-height-default\" data-id=\"0f76dfc\" data-element_type=\"section\" data-settings=\"{&quot;jet_parallax_layout_list&quot;:[]}\">\n\t\t\t\t\t\t<div class=\"elementor-container elementor-column-gap-default\">\n\t\t\t\t\t<div class=\"elementor-column elementor-col-100 elementor-top-column elementor-element elementor-element-f797f7e\" data-id=\"f797f7e\" data-element_type=\"column\">\n\t\t\t<div class=\"elementor-widget-wrap elementor-element-populated\">\n\t\t\t\t\t\t<div class=\"elementor-element elementor-element-cc6f601 elementor-widget elementor-widget-text-editor\" data-id=\"cc6f601\" data-element_type=\"widget\" data-widget_type=\"text-editor.default\">\n\t\t\t\t<div class=\"elementor-widget-container\">\n\t\t\t\t\t\t\t\t\t<p><strong>Una spaccata da manuale per il valtellinese Armellini che brucia Busin, tre scandinave sul podio femminile, domina B\u00f6rjesj\u00f6 su Kettunen e Ivarsson.<\/strong><\/p><p><strong>Oltre 500 iscritti a questa 49.a edizione da incorniciare.<br \/><\/strong>C\u2019\u00e8 voluto il photofinish per designare il vincitore della 49.a Granfondo Dobbiaco Cortina nella prima giornata in classico. Mattia Armellini (Team Futura) e Lorenzo Busin (Team Internorm) si sono giocati cos\u00ec il prestigioso successo dopo 26 km di gara molto tirata.<br \/>Al femminile podio tutto scandinavo con Malin B\u00f6rjesj\u00f6 (Team Internorm) brava ad allungare subito dopo il via sulla finlandese Oona Kettunen (Team Futura), rinvenuta nel secondo giro e poi ripassata. Terza la sua compagna di squadra Emma Ivarsson.<\/p><p>Giornata splendida oggi alla Nordic Arena, sole&#8230; a catinelle, neve perfetta, temperatura gradevole a -2\u00b0 e un affollato gruppo di fondisti in rappresentanza di ben 30 nazioni, un successo. Complice un inverno poco&#8230; invernale, gara ridotta a 26 km con due giri da effettuare in parte sulle piste della Coppa del Mondo e con un allungo verso il Lago di Dobbiaco e il Cimitero di Guerra. <br \/>Start alle 9.30 del primo scaglione con elite ed amatori del primo gruppo, poi a un\u2019ora di distanza sono scattati gli altri amatori, per una cavalcata regale sulle piste che 15 giorni fa hanno ospitato appunto il Tour de Ski.<br \/>Subito i migliori elite, un manipolo di atleti abituati ai ritmi di Ski Classics, si sono sganciati dal gruppo mantenendo alta la velocit\u00e0 con sci molto performanti; Armellini e Ferrari a dettare il ritmo, francobollati alle loro spalle e staccati appena di un secondo Busin, Rinner e Stefano Mich col fratello Riccardo a regolare gli inseguitori incalzato da Amhof e Lorenzi.<br \/>La gara di testa \u00e8 vissuta su continui avvicendamenti al vertice, con Busin coperto dal compagno di colori (Team Internorm) Ferrari, mentre Armellini studiava la strategia per sorprendere i due di testa nell\u2019entrata dello stadio. Sulla breve erta finale Mattia Armellini recuperava Ferrari e ingaggiava un feroce testa a testa con Busin, solo il colpo di reni finale con una spaccata da manuale sanciva il successo per pochi centimetri del valtellinese Armellini che beffava Lorenzo Busin. Ferrari da par suo carpiva il terzo posto ai danni di Thomas Rinner e Stefano Mich, accreditati dello stesso tempo, mentre Riccardo Mich regolava tutti gli altri.<br \/>Poi il \u201cgiallo\u201d a flower ceremony gi\u00e0 conclusa. La giuria estrometteva Ferrari per aver \u201cpattinato\u201d, vietato in una gara in classico. E dunque premiazioni ufficiali col bronzo a Thomas Rinner davanti ai fratelli Mich.<\/p><p>Su queste piste \u00e8 nato e cresciuto Dietmar N\u00f6ckler ed oggi il buon nome \u00e8 stato tenuto alto dal fratello Ivo (8\u00b0) e da pap\u00e0 Friedrich, 32\u00b0 assoluto, un classe 1953 che subito dietro si \u00e8 trovato un classe 2002: chapeau!<br \/>\u201c\u00c8 andata molto bene oggi e il risultato lo conferma &#8211; racconta Armellini. &#8211; Un tracciato un po&#8217; diverso dal solito, ma comunque due giri all\u2019interno di questa pista FIS a me sono piaciuti molto. La mia tattica \u00e8 stata quella di fare subito gara dura. Busin \u00e8 stato pi\u00f9 bravo di me a prendere la retta d\u2019arrivo per primo, e poi in volata per poco ce l\u2019ho fatta a superarlo al photofinish\u201d.<\/p><p>Malin B\u00f6rjesj\u00f6 \u00e8 stata brava e tattica. Ha cercato di tenere un ritmo alto tra le migliori, ha fatto illudere la rivale Kettunen che contava forse di balzare sul gradino pi\u00f9 alto del podio, ma la svedese nel finale \u00e8 sgusciata via veloce dalle grinfie della finlandese e si \u00e8 presentata sul traguardo con 42\u201d di vantaggio. Gioia e un po\u2019 sconforto per lei. Sperava in un bel successo di coppia, ma il suo compagno di colori e nella vita Lorenzo Busin si \u00e8 piazzato \u201csolo\u201d secondo. Emma Ivarsson avvisata del distacco dalle due di testa ha tirato i remi in barca, si \u00e8 piazzata terza a 3\u201921\u201d duellando fino all\u2019ultimo con l\u2019austriaca Schmidhofer, accreditate dello stesso tempo. Prima italiana Anna Giordan, in 5.a posizione.<br \/>\u201cQuesta gara mi piace tantissimo, la Dobbiaco Cortina storicamente mi ha sempre portato buoni risultati &#8211; racconta Malin B\u00f6rjesj\u00f6. &#8211; Questa vittoria \u00e8 un back-to-back dopo che avevo vinto qui anche l\u2019anno scorso. Mi sono sentita davvero forte oggi, nel primo giro sentivo di avere un piccolo problema nel raggiungere la velocit\u00e0 che volevo, ma negli ultimi 5 Km ho visto che avevo un piccolo gap sulla seconda e sono andata a tutta fino al traguardo\u201d.<\/p>\t\t\t\t\t\t\t\t<\/div>\n\t\t\t\t<\/div>\n\t\t\t\t\t<\/div>\n\t\t<\/div>\n\t\t\t\t\t<\/div>\n\t\t<\/section>\n\t\t\t\t<\/div>\n\t\t","protected":false},"excerpt":{"rendered":"<p>Una spaccata da manuale per il valtellinese Armellini che brucia Busin, tre scandinave sul podio femminile, domina B\u00f6rjesj\u00f6 su Kettunen e Ivarsson. Oltre 500 iscritti a questa 49.a edizione da incorniciare.C\u2019\u00e8 voluto il photofinish per designare il vincitore della 49.a Granfondo Dobbiaco Cortina nella prima giornata in classico. Mattia Armellini (Team Futura) e Lorenzo Busin [&hellip;]<\/p>\n","protected":false},"author":1,"featured_media":7971,"comment_status":"closed","ping_status":"closed","sticky":false,"template":"","format":"standard","meta":{"_acf_changed":false,"footnotes":""},"categories":[9],"tags":[],"class_list":["post-7972","post","type-post","status-publish","format-standard","has-post-thumbnail","hentry","category-non-categorizzato"],"acf":[],"yoast_head":"<!-- This site is optimized with the Yoast SEO plugin v27.5 - https:\/\/yoast.com\/product\/yoast-seo-wordpress\/ -->\n<title>Armellini &quot;spacca&quot; alla Dobbiaco-Cortina. B\u00f6rjesj\u00f6 e le vichinghe alla Nordic Arena - Granfondo Dobbiaco Cortina Classic Skating<\/title>\n<meta name=\"robots\" content=\"index, follow, max-snippet:-1, max-image-preview:large, max-video-preview:-1\" \/>\n<link rel=\"canonical\" href=\"https:\/\/www.dobbiacocortina.org\/it\/armellini-spacca-alla-dobbiaco-cortina-borjesjo-e-le-vichinghe-alla-nordic-arena\/\" \/>\n<meta property=\"og:locale\" content=\"it_IT\" \/>\n<meta property=\"og:type\" content=\"article\" \/>\n<meta property=\"og:title\" content=\"Armellini &quot;spacca&quot; alla Dobbiaco-Cortina. B\u00f6rjesj\u00f6 e le vichinghe alla Nordic Arena - Granfondo Dobbiaco Cortina Classic Skating\" \/>\n<meta property=\"og:description\" content=\"Una spaccata da manuale per il valtellinese Armellini che brucia Busin, tre scandinave sul podio femminile, domina B\u00f6rjesj\u00f6 su Kettunen e Ivarsson. Oltre 500 iscritti a questa 49.a edizione da incorniciare.C\u2019\u00e8 voluto il photofinish per designare il vincitore della 49.a Granfondo Dobbiaco Cortina nella prima giornata in classico. Mattia Armellini (Team Futura) e Lorenzo Busin [&hellip;]\" \/>\n<meta property=\"og:url\" content=\"https:\/\/www.dobbiacocortina.org\/it\/armellini-spacca-alla-dobbiaco-cortina-borjesjo-e-le-vichinghe-alla-nordic-arena\/\" \/>\n<meta property=\"og:site_name\" content=\"Granfondo Dobbiaco Cortina Classic Skating\" \/>\n<meta property=\"article:publisher\" content=\"https:\/\/www.facebook.com\/toblach.cortina\/\" \/>\n<meta property=\"article:published_time\" content=\"2026-01-17T08:16:57+00:00\" \/>\n<meta property=\"article:modified_time\" content=\"2026-01-19T08:23:32+00:00\" \/>\n<meta property=\"og:image\" content=\"https:\/\/www.dobbiacocortina.org\/wp-content\/uploads\/arrivo-toco-2026.jpg\" \/>\n\t<meta property=\"og:image:width\" content=\"1000\" \/>\n\t<meta property=\"og:image:height\" content=\"667\" \/>\n\t<meta property=\"og:image:type\" content=\"image\/jpeg\" \/>\n<meta name=\"author\" content=\"fuchsdesign\" \/>\n<meta name=\"twitter:card\" content=\"summary_large_image\" \/>\n<meta name=\"twitter:creator\" content=\"@toblachcortina\" \/>\n<meta name=\"twitter:site\" content=\"@toblachcortina\" \/>\n<meta name=\"twitter:label1\" content=\"Scritto da\" \/>\n\t<meta name=\"twitter:data1\" content=\"fuchsdesign\" \/>\n\t<meta name=\"twitter:label2\" content=\"Tempo di lettura stimato\" \/>\n\t<meta name=\"twitter:data2\" content=\"5 minuti\" \/>\n<script type=\"application\/ld+json\" class=\"yoast-schema-graph\">{\"@context\":\"https:\\\/\\\/schema.org\",\"@graph\":[{\"@type\":\"Article\",\"@id\":\"https:\\\/\\\/www.dobbiacocortina.org\\\/it\\\/armellini-spacca-alla-dobbiaco-cortina-borjesjo-e-le-vichinghe-alla-nordic-arena\\\/#article\",\"isPartOf\":{\"@id\":\"https:\\\/\\\/www.dobbiacocortina.org\\\/it\\\/armellini-spacca-alla-dobbiaco-cortina-borjesjo-e-le-vichinghe-alla-nordic-arena\\\/\"},\"author\":{\"name\":\"fuchsdesign\",\"@id\":\"https:\\\/\\\/www.dobbiacocortina.org\\\/#\\\/schema\\\/person\\\/978d7806e763afb92d86d8ea832c169d\"},\"headline\":\"Armellini &#8220;spacca&#8221; alla Dobbiaco-Cortina. B\u00f6rjesj\u00f6 e le vichinghe alla Nordic Arena\",\"datePublished\":\"2026-01-17T08:16:57+00:00\",\"dateModified\":\"2026-01-19T08:23:32+00:00\",\"mainEntityOfPage\":{\"@id\":\"https:\\\/\\\/www.dobbiacocortina.org\\\/it\\\/armellini-spacca-alla-dobbiaco-cortina-borjesjo-e-le-vichinghe-alla-nordic-arena\\\/\"},\"wordCount\":728,\"publisher\":{\"@id\":\"https:\\\/\\\/www.dobbiacocortina.org\\\/#organization\"},\"image\":{\"@id\":\"https:\\\/\\\/www.dobbiacocortina.org\\\/it\\\/armellini-spacca-alla-dobbiaco-cortina-borjesjo-e-le-vichinghe-alla-nordic-arena\\\/#primaryimage\"},\"thumbnailUrl\":\"https:\\\/\\\/www.dobbiacocortina.org\\\/wp-content\\\/uploads\\\/arrivo-toco-2026.jpg\",\"articleSection\":[\"Non categorizzato\"],\"inLanguage\":\"it-IT\"},{\"@type\":\"WebPage\",\"@id\":\"https:\\\/\\\/www.dobbiacocortina.org\\\/it\\\/armellini-spacca-alla-dobbiaco-cortina-borjesjo-e-le-vichinghe-alla-nordic-arena\\\/\",\"url\":\"https:\\\/\\\/www.dobbiacocortina.org\\\/it\\\/armellini-spacca-alla-dobbiaco-cortina-borjesjo-e-le-vichinghe-alla-nordic-arena\\\/\",\"name\":\"Armellini \\\"spacca\\\" alla Dobbiaco-Cortina. B\u00f6rjesj\u00f6 e le vichinghe alla Nordic Arena - Granfondo Dobbiaco Cortina Classic Skating\",\"isPartOf\":{\"@id\":\"https:\\\/\\\/www.dobbiacocortina.org\\\/#website\"},\"primaryImageOfPage\":{\"@id\":\"https:\\\/\\\/www.dobbiacocortina.org\\\/it\\\/armellini-spacca-alla-dobbiaco-cortina-borjesjo-e-le-vichinghe-alla-nordic-arena\\\/#primaryimage\"},\"image\":{\"@id\":\"https:\\\/\\\/www.dobbiacocortina.org\\\/it\\\/armellini-spacca-alla-dobbiaco-cortina-borjesjo-e-le-vichinghe-alla-nordic-arena\\\/#primaryimage\"},\"thumbnailUrl\":\"https:\\\/\\\/www.dobbiacocortina.org\\\/wp-content\\\/uploads\\\/arrivo-toco-2026.jpg\",\"datePublished\":\"2026-01-17T08:16:57+00:00\",\"dateModified\":\"2026-01-19T08:23:32+00:00\",\"breadcrumb\":{\"@id\":\"https:\\\/\\\/www.dobbiacocortina.org\\\/it\\\/armellini-spacca-alla-dobbiaco-cortina-borjesjo-e-le-vichinghe-alla-nordic-arena\\\/#breadcrumb\"},\"inLanguage\":\"it-IT\",\"potentialAction\":[{\"@type\":\"ReadAction\",\"target\":[\"https:\\\/\\\/www.dobbiacocortina.org\\\/it\\\/armellini-spacca-alla-dobbiaco-cortina-borjesjo-e-le-vichinghe-alla-nordic-arena\\\/\"]}]},{\"@type\":\"ImageObject\",\"inLanguage\":\"it-IT\",\"@id\":\"https:\\\/\\\/www.dobbiacocortina.org\\\/it\\\/armellini-spacca-alla-dobbiaco-cortina-borjesjo-e-le-vichinghe-alla-nordic-arena\\\/#primaryimage\",\"url\":\"https:\\\/\\\/www.dobbiacocortina.org\\\/wp-content\\\/uploads\\\/arrivo-toco-2026.jpg\",\"contentUrl\":\"https:\\\/\\\/www.dobbiacocortina.org\\\/wp-content\\\/uploads\\\/arrivo-toco-2026.jpg\",\"width\":1000,\"height\":667},{\"@type\":\"BreadcrumbList\",\"@id\":\"https:\\\/\\\/www.dobbiacocortina.org\\\/it\\\/armellini-spacca-alla-dobbiaco-cortina-borjesjo-e-le-vichinghe-alla-nordic-arena\\\/#breadcrumb\",\"itemListElement\":[{\"@type\":\"ListItem\",\"position\":1,\"name\":\"Startseite\",\"item\":\"https:\\\/\\\/www.dobbiacocortina.org\\\/it\\\/\"},{\"@type\":\"ListItem\",\"position\":2,\"name\":\"Armellini &#8222;spacca&#8220; alla Dobbiaco-Cortina. B\u00f6rjesj\u00f6 e le vichinghe alla Nordic Arena\"}]},{\"@type\":\"WebSite\",\"@id\":\"https:\\\/\\\/www.dobbiacocortina.org\\\/#website\",\"url\":\"https:\\\/\\\/www.dobbiacocortina.org\\\/\",\"name\":\"Dobbiaco Cortina\",\"description\":\"\",\"publisher\":{\"@id\":\"https:\\\/\\\/www.dobbiacocortina.org\\\/#organization\"},\"potentialAction\":[{\"@type\":\"SearchAction\",\"target\":{\"@type\":\"EntryPoint\",\"urlTemplate\":\"https:\\\/\\\/www.dobbiacocortina.org\\\/?s={search_term_string}\"},\"query-input\":{\"@type\":\"PropertyValueSpecification\",\"valueRequired\":true,\"valueName\":\"search_term_string\"}}],\"inLanguage\":\"it-IT\"},{\"@type\":\"Organization\",\"@id\":\"https:\\\/\\\/www.dobbiacocortina.org\\\/#organization\",\"name\":\"Toblach - Cortina\",\"url\":\"https:\\\/\\\/www.dobbiacocortina.org\\\/\",\"logo\":{\"@type\":\"ImageObject\",\"inLanguage\":\"it-IT\",\"@id\":\"https:\\\/\\\/www.dobbiacocortina.org\\\/#\\\/schema\\\/logo\\\/image\\\/\",\"url\":\"https:\\\/\\\/www.dobbiacocortina.org\\\/wp-content\\\/uploads\\\/Logo-Toblach_Cortina.png\",\"contentUrl\":\"https:\\\/\\\/www.dobbiacocortina.org\\\/wp-content\\\/uploads\\\/Logo-Toblach_Cortina.png\",\"width\":300,\"height\":300,\"caption\":\"Toblach - Cortina\"},\"image\":{\"@id\":\"https:\\\/\\\/www.dobbiacocortina.org\\\/#\\\/schema\\\/logo\\\/image\\\/\"},\"sameAs\":[\"https:\\\/\\\/www.facebook.com\\\/toblach.cortina\\\/\",\"https:\\\/\\\/x.com\\\/toblachcortina\",\"https:\\\/\\\/www.instagram.com\\\/dobbiacocortina\\\/\"]},{\"@type\":\"Person\",\"@id\":\"https:\\\/\\\/www.dobbiacocortina.org\\\/#\\\/schema\\\/person\\\/978d7806e763afb92d86d8ea832c169d\",\"name\":\"fuchsdesign\",\"sameAs\":[\"https:\\\/\\\/www.dobbiacocortina.org\"]}]}<\/script>\n<!-- \/ Yoast SEO plugin. -->","yoast_head_json":{"title":"Armellini \"spacca\" alla Dobbiaco-Cortina. B\u00f6rjesj\u00f6 e le vichinghe alla Nordic Arena - Granfondo Dobbiaco Cortina Classic Skating","robots":{"index":"index","follow":"follow","max-snippet":"max-snippet:-1","max-image-preview":"max-image-preview:large","max-video-preview":"max-video-preview:-1"},"canonical":"https:\/\/www.dobbiacocortina.org\/it\/armellini-spacca-alla-dobbiaco-cortina-borjesjo-e-le-vichinghe-alla-nordic-arena\/","og_locale":"it_IT","og_type":"article","og_title":"Armellini \"spacca\" alla Dobbiaco-Cortina. B\u00f6rjesj\u00f6 e le vichinghe alla Nordic Arena - Granfondo Dobbiaco Cortina Classic Skating","og_description":"Una spaccata da manuale per il valtellinese Armellini che brucia Busin, tre scandinave sul podio femminile, domina B\u00f6rjesj\u00f6 su Kettunen e Ivarsson. Oltre 500 iscritti a questa 49.a edizione da incorniciare.C\u2019\u00e8 voluto il photofinish per designare il vincitore della 49.a Granfondo Dobbiaco Cortina nella prima giornata in classico. Mattia Armellini (Team Futura) e Lorenzo Busin [&hellip;]","og_url":"https:\/\/www.dobbiacocortina.org\/it\/armellini-spacca-alla-dobbiaco-cortina-borjesjo-e-le-vichinghe-alla-nordic-arena\/","og_site_name":"Granfondo Dobbiaco Cortina Classic Skating","article_publisher":"https:\/\/www.facebook.com\/toblach.cortina\/","article_published_time":"2026-01-17T08:16:57+00:00","article_modified_time":"2026-01-19T08:23:32+00:00","og_image":[{"width":1000,"height":667,"url":"https:\/\/www.dobbiacocortina.org\/wp-content\/uploads\/arrivo-toco-2026.jpg","type":"image\/jpeg"}],"author":"fuchsdesign","twitter_card":"summary_large_image","twitter_creator":"@toblachcortina","twitter_site":"@toblachcortina","twitter_misc":{"Scritto da":"fuchsdesign","Tempo di lettura stimato":"5 minuti"},"schema":{"@context":"https:\/\/schema.org","@graph":[{"@type":"Article","@id":"https:\/\/www.dobbiacocortina.org\/it\/armellini-spacca-alla-dobbiaco-cortina-borjesjo-e-le-vichinghe-alla-nordic-arena\/#article","isPartOf":{"@id":"https:\/\/www.dobbiacocortina.org\/it\/armellini-spacca-alla-dobbiaco-cortina-borjesjo-e-le-vichinghe-alla-nordic-arena\/"},"author":{"name":"fuchsdesign","@id":"https:\/\/www.dobbiacocortina.org\/#\/schema\/person\/978d7806e763afb92d86d8ea832c169d"},"headline":"Armellini &#8220;spacca&#8221; alla Dobbiaco-Cortina. B\u00f6rjesj\u00f6 e le vichinghe alla Nordic Arena","datePublished":"2026-01-17T08:16:57+00:00","dateModified":"2026-01-19T08:23:32+00:00","mainEntityOfPage":{"@id":"https:\/\/www.dobbiacocortina.org\/it\/armellini-spacca-alla-dobbiaco-cortina-borjesjo-e-le-vichinghe-alla-nordic-arena\/"},"wordCount":728,"publisher":{"@id":"https:\/\/www.dobbiacocortina.org\/#organization"},"image":{"@id":"https:\/\/www.dobbiacocortina.org\/it\/armellini-spacca-alla-dobbiaco-cortina-borjesjo-e-le-vichinghe-alla-nordic-arena\/#primaryimage"},"thumbnailUrl":"https:\/\/www.dobbiacocortina.org\/wp-content\/uploads\/arrivo-toco-2026.jpg","articleSection":["Non categorizzato"],"inLanguage":"it-IT"},{"@type":"WebPage","@id":"https:\/\/www.dobbiacocortina.org\/it\/armellini-spacca-alla-dobbiaco-cortina-borjesjo-e-le-vichinghe-alla-nordic-arena\/","url":"https:\/\/www.dobbiacocortina.org\/it\/armellini-spacca-alla-dobbiaco-cortina-borjesjo-e-le-vichinghe-alla-nordic-arena\/","name":"Armellini \"spacca\" alla Dobbiaco-Cortina. B\u00f6rjesj\u00f6 e le vichinghe alla Nordic Arena - Granfondo Dobbiaco Cortina Classic Skating","isPartOf":{"@id":"https:\/\/www.dobbiacocortina.org\/#website"},"primaryImageOfPage":{"@id":"https:\/\/www.dobbiacocortina.org\/it\/armellini-spacca-alla-dobbiaco-cortina-borjesjo-e-le-vichinghe-alla-nordic-arena\/#primaryimage"},"image":{"@id":"https:\/\/www.dobbiacocortina.org\/it\/armellini-spacca-alla-dobbiaco-cortina-borjesjo-e-le-vichinghe-alla-nordic-arena\/#primaryimage"},"thumbnailUrl":"https:\/\/www.dobbiacocortina.org\/wp-content\/uploads\/arrivo-toco-2026.jpg","datePublished":"2026-01-17T08:16:57+00:00","dateModified":"2026-01-19T08:23:32+00:00","breadcrumb":{"@id":"https:\/\/www.dobbiacocortina.org\/it\/armellini-spacca-alla-dobbiaco-cortina-borjesjo-e-le-vichinghe-alla-nordic-arena\/#breadcrumb"},"inLanguage":"it-IT","potentialAction":[{"@type":"ReadAction","target":["https:\/\/www.dobbiacocortina.org\/it\/armellini-spacca-alla-dobbiaco-cortina-borjesjo-e-le-vichinghe-alla-nordic-arena\/"]}]},{"@type":"ImageObject","inLanguage":"it-IT","@id":"https:\/\/www.dobbiacocortina.org\/it\/armellini-spacca-alla-dobbiaco-cortina-borjesjo-e-le-vichinghe-alla-nordic-arena\/#primaryimage","url":"https:\/\/www.dobbiacocortina.org\/wp-content\/uploads\/arrivo-toco-2026.jpg","contentUrl":"https:\/\/www.dobbiacocortina.org\/wp-content\/uploads\/arrivo-toco-2026.jpg","width":1000,"height":667},{"@type":"BreadcrumbList","@id":"https:\/\/www.dobbiacocortina.org\/it\/armellini-spacca-alla-dobbiaco-cortina-borjesjo-e-le-vichinghe-alla-nordic-arena\/#breadcrumb","itemListElement":[{"@type":"ListItem","position":1,"name":"Startseite","item":"https:\/\/www.dobbiacocortina.org\/it\/"},{"@type":"ListItem","position":2,"name":"Armellini &#8222;spacca&#8220; alla Dobbiaco-Cortina. B\u00f6rjesj\u00f6 e le vichinghe alla Nordic Arena"}]},{"@type":"WebSite","@id":"https:\/\/www.dobbiacocortina.org\/#website","url":"https:\/\/www.dobbiacocortina.org\/","name":"Dobbiaco Cortina","description":"","publisher":{"@id":"https:\/\/www.dobbiacocortina.org\/#organization"},"potentialAction":[{"@type":"SearchAction","target":{"@type":"EntryPoint","urlTemplate":"https:\/\/www.dobbiacocortina.org\/?s={search_term_string}"},"query-input":{"@type":"PropertyValueSpecification","valueRequired":true,"valueName":"search_term_string"}}],"inLanguage":"it-IT"},{"@type":"Organization","@id":"https:\/\/www.dobbiacocortina.org\/#organization","name":"Toblach - Cortina","url":"https:\/\/www.dobbiacocortina.org\/","logo":{"@type":"ImageObject","inLanguage":"it-IT","@id":"https:\/\/www.dobbiacocortina.org\/#\/schema\/logo\/image\/","url":"https:\/\/www.dobbiacocortina.org\/wp-content\/uploads\/Logo-Toblach_Cortina.png","contentUrl":"https:\/\/www.dobbiacocortina.org\/wp-content\/uploads\/Logo-Toblach_Cortina.png","width":300,"height":300,"caption":"Toblach - Cortina"},"image":{"@id":"https:\/\/www.dobbiacocortina.org\/#\/schema\/logo\/image\/"},"sameAs":["https:\/\/www.facebook.com\/toblach.cortina\/","https:\/\/x.com\/toblachcortina","https:\/\/www.instagram.com\/dobbiacocortina\/"]},{"@type":"Person","@id":"https:\/\/www.dobbiacocortina.org\/#\/schema\/person\/978d7806e763afb92d86d8ea832c169d","name":"fuchsdesign","sameAs":["https:\/\/www.dobbiacocortina.org"]}]}},"_links":{"self":[{"href":"https:\/\/www.dobbiacocortina.org\/it\/wp-json\/wp\/v2\/posts\/7972","targetHints":{"allow":["GET"]}}],"collection":[{"href":"https:\/\/www.dobbiacocortina.org\/it\/wp-json\/wp\/v2\/posts"}],"about":[{"href":"https:\/\/www.dobbiacocortina.org\/it\/wp-json\/wp\/v2\/types\/post"}],"author":[{"embeddable":true,"href":"https:\/\/www.dobbiacocortina.org\/it\/wp-json\/wp\/v2\/users\/1"}],"replies":[{"embeddable":true,"href":"https:\/\/www.dobbiacocortina.org\/it\/wp-json\/wp\/v2\/comments?post=7972"}],"version-history":[{"count":4,"href":"https:\/\/www.dobbiacocortina.org\/it\/wp-json\/wp\/v2\/posts\/7972\/revisions"}],"predecessor-version":[{"id":7977,"href":"https:\/\/www.dobbiacocortina.org\/it\/wp-json\/wp\/v2\/posts\/7972\/revisions\/7977"}],"wp:featuredmedia":[{"embeddable":true,"href":"https:\/\/www.dobbiacocortina.org\/it\/wp-json\/wp\/v2\/media\/7971"}],"wp:attachment":[{"href":"https:\/\/www.dobbiacocortina.org\/it\/wp-json\/wp\/v2\/media?parent=7972"}],"wp:term":[{"taxonomy":"category","embeddable":true,"href":"https:\/\/www.dobbiacocortina.org\/it\/wp-json\/wp\/v2\/categories?post=7972"},{"taxonomy":"post_tag","embeddable":true,"href":"https:\/\/www.dobbiacocortina.org\/it\/wp-json\/wp\/v2\/tags?post=7972"}],"curies":[{"name":"wp","href":"https:\/\/api.w.org\/{rel}","templated":true}]}}