{"id":7991,"date":"2026-01-18T16:11:21","date_gmt":"2026-01-18T15:11:21","guid":{"rendered":"https:\/\/www.dobbiacocortina.org\/?p=7991"},"modified":"2026-01-19T16:17:58","modified_gmt":"2026-01-19T15:17:58","slug":"a-compagnoni-la-49-a-dobbiaco-cortina-super-kettunen-vince-gara-e-combinata","status":"publish","type":"post","link":"https:\/\/www.dobbiacocortina.org\/it\/a-compagnoni-la-49-a-dobbiaco-cortina-super-kettunen-vince-gara-e-combinata\/","title":{"rendered":"A Compagnoni la 49.a Dobbiaco Cortina, Super-Kettunen vince gara e combinata"},"content":{"rendered":"\t\t<div data-elementor-type=\"wp-post\" data-elementor-id=\"7991\" class=\"elementor elementor-7991 elementor-7983\">\n\t\t\t\t\t\t<section class=\"elementor-section elementor-top-section elementor-element elementor-element-3873662 elementor-section-boxed elementor-section-height-default elementor-section-height-default\" data-id=\"3873662\" data-element_type=\"section\" data-settings=\"{&quot;jet_parallax_layout_list&quot;:[]}\">\n\t\t\t\t\t\t<div class=\"elementor-container elementor-column-gap-default\">\n\t\t\t\t\t<div class=\"elementor-column elementor-col-100 elementor-top-column elementor-element elementor-element-4dbe351\" data-id=\"4dbe351\" data-element_type=\"column\">\n\t\t\t<div class=\"elementor-widget-wrap elementor-element-populated\">\n\t\t\t\t\t\t<div class=\"elementor-element elementor-element-12b6ed2 elementor-widget elementor-widget-text-editor\" data-id=\"12b6ed2\" data-element_type=\"widget\" data-widget_type=\"text-editor.default\">\n\t\t\t\t<div class=\"elementor-widget-container\">\n\t\t\t\t\t\t\t\t\t<p><strong>Oggi seconda giornata alla Nordic Arena con 26 km skating:<\/strong><br \/><strong>Compagnoni temporeggia, attacca e poi vince. Amhof 3\u00b0 e primo in combinata. Oona Kettunen fa tutto da sola, vince la gara e domina la combinata. Compagnoni conquista il Campionato Italiano Amatori e Kuen al femminile<\/strong><\/p><p>Occhi di ghiaccio e muscoli d\u2019acciaio. La finlandese Oona Kettunen (Team Futura) \u00e8 la vincitrice della Granfondo Dobbiaco Cortina in tecnica libera, e sommando il secondo posto di ieri nella versione in classico vince anche la combinata. Al maschile oggi si \u00e8 imposto il valtellinese Luca Compagnoni (Team Internorm) in una gara decisa a met\u00e0 del secondo giro.<\/p><p>Cielo bigio, quasi minaccioso, stesse piste di ieri ma predisposte per la tecnica libera con oltre 500 atleti sugli sci, in gara anche per il tricolore master su un percorso di 26 km, in parte dentro lo stadio del fondo della Nordic Arena di Dobbiaco e con un\u2019estensione in Val Fonda fino al Cimitero di Guerra. Due giri molto vivaci col gruppetto dei migliori, sette in tutto, subito a guadagnare la testa con una manciata di secondi su un secondo manipolo di atleti.<br \/>Compagnoni nel finale ha dato uno scrollone ai rivali, ha allungato coperto dal compagno di squadra Davide Battagini ed \u00e8 andato ad aggiudicarsi il successo, secondo podio in una settimana dopo il secondo posto domenica scorsa alla 3 Zinnen Ski Marathon. \u00c8 arrivato al rettilineo finale in solitaria, festeggiando con la corona al collo con un vantaggio di 12\u201d sul giovane veronese Battagini classe 2005, alle prime esperienze nelle granfondo. Terzo posto per l\u2019altoatesino Manuel Amhof (a 14\u201d), pi\u00f9 attento alla classifica della combinata, che in effetti ha vinto con ampio divario su Ivo N\u00f6ckler. Dietro i tre del podio, lotta a parte con la volata per la medaglia di legno che ha visto Julian Brunner (secondo sabato alla Dolomitenlauf \u2013 AUT) regolare Pider, il tedesco Debertin e lo spagnolo Betriu.<\/p><p>\u201cQuesta settimana sapevo di aver recuperato bene dopo il secondo posto alla 3 Zinnen dello scorso weekend \u2013 ha detto il vincitore Compagnoni &#8211; e oggi mi sentivo addirittura meglio rispetto alla scorsa settimana. Il primo giro \u00e8 stato di controllo, eravamo in tanti e nessuno voleva tirare, ci siamo dati un po&#8217; il cambio a vicenda. Poi ho visto l\u2019attacco di Debertin in salita e ho deciso di seguirlo subito. Dopo ho riattaccato ancora verso il lago di Dobbiaco. Quando ho visto che avevo 30 secondi di buco ho tenuto duro, spingendo da solo\u201d.<\/p><p>Nella gara femminile Oona Kettunen ha messo in chiaro le proprie intenzioni. Al termine del primo giro aveva gi\u00e0 in tasca un vantaggio di un buon minuto, che \u00e8 riuscita poi addirittura ad incrementare nonostante la neve un po\u2019 lenta a causa dell\u2019elevata umidit\u00e0. Dietro Julia Kuen, rientrata nella notte dalla Dolomitenlauf (che ha vinto), ha cercato di ricucire il gap, ma i suoi sci non l\u2019hanno aiutata e cos\u00ec ha badato a mantenere la posizione, mai insidiata dalla francese Oceane Bepoix. Le tre hanno concluso nell\u2019ordine con distacchi consistenti, con la finlandese a ribadire la propria superiorit\u00e0 dopo la fatica del giorno prima, davvero una grande prestazione la sua, con soli 5\u2019 di distacco dal primo maschio. \u201cSono stata forte ma anche fortunata oggi. Sono stata in scia in un gruppo di uomini, quindi ho potuto sciare rilassata per tutto il tempo. Dopo le fatiche di ieri, oggi mi sentivo abbastanza stanca. Ora penso alla Marcialonga, il livello sar\u00e0 molto pi\u00f9 alto, ma prover\u00f2 a fare qualcosa\u201d.<\/p><p>La gara era valida anche come Campionato Italiano Amatori, con dominio di Compagnoni e Kuen. Il Campionato Italiano Master ha celebrato invece con le medaglie tricolori nelle varie categorie le vittorie di Julian Brunner M1, Marco Mosconi M2, Francesco Benetti M3, Francesco Mich M4 e Friedrich N\u00f6ckler M5. Al femminile successi per Marta Fabris F1, Camelia Csernescki F2, Paola Leonardi F3 e Carla Vitella F4.<\/p><p>Herbert Santer, presidente del comitato organizzatore, alla fine della due giorni fondistica si \u00e8 detto soddisfatto per i numeri raggiunti, per il felice \u2018obbligato\u2019 compromesso sul percorso e per i risultati con stranieri sul podio in entrambe le giornate. Calato il sipario sull\u2019edizione 2026 \u00e8 gi\u00e0 ora di pensare al 50\u00b0 con la ferma intenzione di riportare il traguardo della granfondo sotto il campanile di Cortina, parola di presidente, col vice Igor G\u01d2mbac coordinatore del gruppo cortinese a strizzargli l\u2019occhio.<\/p>\t\t\t\t\t\t\t\t<\/div>\n\t\t\t\t<\/div>\n\t\t\t\t\t<\/div>\n\t\t<\/div>\n\t\t\t\t\t<\/div>\n\t\t<\/section>\n\t\t\t\t<\/div>\n\t\t","protected":false},"excerpt":{"rendered":"<p>Oggi seconda giornata alla Nordic Arena con 26 km skating:Compagnoni temporeggia, attacca e poi vince. Amhof 3\u00b0 e primo in combinata. Oona Kettunen fa tutto da sola, vince la gara e domina la combinata. Compagnoni conquista il Campionato Italiano Amatori e Kuen al femminile Occhi di ghiaccio e muscoli d\u2019acciaio. La finlandese Oona Kettunen (Team [&hellip;]<\/p>\n","protected":false},"author":1,"featured_media":7990,"comment_status":"closed","ping_status":"closed","sticky":false,"template":"","format":"standard","meta":{"_acf_changed":false,"footnotes":""},"categories":[9],"tags":[],"class_list":["post-7991","post","type-post","status-publish","format-standard","has-post-thumbnail","hentry","category-non-categorizzato"],"acf":[],"yoast_head":"<!-- This site is optimized with the Yoast SEO plugin v27.5 - https:\/\/yoast.com\/product\/yoast-seo-wordpress\/ -->\n<title>A Compagnoni la 49.a Dobbiaco Cortina, Super-Kettunen vince gara e combinata - Granfondo Dobbiaco Cortina Classic Skating<\/title>\n<meta name=\"robots\" content=\"index, follow, max-snippet:-1, max-image-preview:large, max-video-preview:-1\" \/>\n<link rel=\"canonical\" href=\"https:\/\/www.dobbiacocortina.org\/it\/a-compagnoni-la-49-a-dobbiaco-cortina-super-kettunen-vince-gara-e-combinata\/\" \/>\n<meta property=\"og:locale\" content=\"it_IT\" \/>\n<meta property=\"og:type\" content=\"article\" \/>\n<meta property=\"og:title\" content=\"A Compagnoni la 49.a Dobbiaco Cortina, Super-Kettunen vince gara e combinata - Granfondo Dobbiaco Cortina Classic Skating\" \/>\n<meta property=\"og:description\" content=\"Oggi seconda giornata alla Nordic Arena con 26 km skating:Compagnoni temporeggia, attacca e poi vince. Amhof 3\u00b0 e primo in combinata. Oona Kettunen fa tutto da sola, vince la gara e domina la combinata. Compagnoni conquista il Campionato Italiano Amatori e Kuen al femminile Occhi di ghiaccio e muscoli d\u2019acciaio. La finlandese Oona Kettunen (Team [&hellip;]\" \/>\n<meta property=\"og:url\" content=\"https:\/\/www.dobbiacocortina.org\/it\/a-compagnoni-la-49-a-dobbiaco-cortina-super-kettunen-vince-gara-e-combinata\/\" \/>\n<meta property=\"og:site_name\" content=\"Granfondo Dobbiaco Cortina Classic Skating\" \/>\n<meta property=\"article:publisher\" content=\"https:\/\/www.facebook.com\/toblach.cortina\/\" \/>\n<meta property=\"article:published_time\" content=\"2026-01-18T15:11:21+00:00\" \/>\n<meta property=\"article:modified_time\" content=\"2026-01-19T15:17:58+00:00\" \/>\n<meta property=\"og:image\" content=\"https:\/\/www.dobbiacocortina.org\/wp-content\/uploads\/toco2026-podio-women.jpg\" \/>\n\t<meta property=\"og:image:width\" content=\"1000\" \/>\n\t<meta property=\"og:image:height\" content=\"667\" \/>\n\t<meta property=\"og:image:type\" content=\"image\/jpeg\" \/>\n<meta name=\"author\" content=\"fuchsdesign\" \/>\n<meta name=\"twitter:card\" content=\"summary_large_image\" \/>\n<meta name=\"twitter:creator\" content=\"@toblachcortina\" \/>\n<meta name=\"twitter:site\" content=\"@toblachcortina\" \/>\n<meta name=\"twitter:label1\" content=\"Scritto da\" \/>\n\t<meta name=\"twitter:data1\" content=\"fuchsdesign\" \/>\n\t<meta name=\"twitter:label2\" content=\"Tempo di lettura stimato\" \/>\n\t<meta name=\"twitter:data2\" content=\"4 minuti\" \/>\n<script type=\"application\/ld+json\" class=\"yoast-schema-graph\">{\"@context\":\"https:\\\/\\\/schema.org\",\"@graph\":[{\"@type\":\"Article\",\"@id\":\"https:\\\/\\\/www.dobbiacocortina.org\\\/it\\\/a-compagnoni-la-49-a-dobbiaco-cortina-super-kettunen-vince-gara-e-combinata\\\/#article\",\"isPartOf\":{\"@id\":\"https:\\\/\\\/www.dobbiacocortina.org\\\/it\\\/a-compagnoni-la-49-a-dobbiaco-cortina-super-kettunen-vince-gara-e-combinata\\\/\"},\"author\":{\"name\":\"fuchsdesign\",\"@id\":\"https:\\\/\\\/www.dobbiacocortina.org\\\/#\\\/schema\\\/person\\\/978d7806e763afb92d86d8ea832c169d\"},\"headline\":\"A Compagnoni la 49.a Dobbiaco Cortina, Super-Kettunen vince gara e combinata\",\"datePublished\":\"2026-01-18T15:11:21+00:00\",\"dateModified\":\"2026-01-19T15:17:58+00:00\",\"mainEntityOfPage\":{\"@id\":\"https:\\\/\\\/www.dobbiacocortina.org\\\/it\\\/a-compagnoni-la-49-a-dobbiaco-cortina-super-kettunen-vince-gara-e-combinata\\\/\"},\"wordCount\":725,\"publisher\":{\"@id\":\"https:\\\/\\\/www.dobbiacocortina.org\\\/#organization\"},\"image\":{\"@id\":\"https:\\\/\\\/www.dobbiacocortina.org\\\/it\\\/a-compagnoni-la-49-a-dobbiaco-cortina-super-kettunen-vince-gara-e-combinata\\\/#primaryimage\"},\"thumbnailUrl\":\"https:\\\/\\\/www.dobbiacocortina.org\\\/wp-content\\\/uploads\\\/toco2026-podio-women.jpg\",\"articleSection\":[\"Non categorizzato\"],\"inLanguage\":\"it-IT\"},{\"@type\":\"WebPage\",\"@id\":\"https:\\\/\\\/www.dobbiacocortina.org\\\/it\\\/a-compagnoni-la-49-a-dobbiaco-cortina-super-kettunen-vince-gara-e-combinata\\\/\",\"url\":\"https:\\\/\\\/www.dobbiacocortina.org\\\/it\\\/a-compagnoni-la-49-a-dobbiaco-cortina-super-kettunen-vince-gara-e-combinata\\\/\",\"name\":\"A Compagnoni la 49.a Dobbiaco Cortina, Super-Kettunen vince gara e combinata - Granfondo Dobbiaco Cortina Classic Skating\",\"isPartOf\":{\"@id\":\"https:\\\/\\\/www.dobbiacocortina.org\\\/#website\"},\"primaryImageOfPage\":{\"@id\":\"https:\\\/\\\/www.dobbiacocortina.org\\\/it\\\/a-compagnoni-la-49-a-dobbiaco-cortina-super-kettunen-vince-gara-e-combinata\\\/#primaryimage\"},\"image\":{\"@id\":\"https:\\\/\\\/www.dobbiacocortina.org\\\/it\\\/a-compagnoni-la-49-a-dobbiaco-cortina-super-kettunen-vince-gara-e-combinata\\\/#primaryimage\"},\"thumbnailUrl\":\"https:\\\/\\\/www.dobbiacocortina.org\\\/wp-content\\\/uploads\\\/toco2026-podio-women.jpg\",\"datePublished\":\"2026-01-18T15:11:21+00:00\",\"dateModified\":\"2026-01-19T15:17:58+00:00\",\"breadcrumb\":{\"@id\":\"https:\\\/\\\/www.dobbiacocortina.org\\\/it\\\/a-compagnoni-la-49-a-dobbiaco-cortina-super-kettunen-vince-gara-e-combinata\\\/#breadcrumb\"},\"inLanguage\":\"it-IT\",\"potentialAction\":[{\"@type\":\"ReadAction\",\"target\":[\"https:\\\/\\\/www.dobbiacocortina.org\\\/it\\\/a-compagnoni-la-49-a-dobbiaco-cortina-super-kettunen-vince-gara-e-combinata\\\/\"]}]},{\"@type\":\"ImageObject\",\"inLanguage\":\"it-IT\",\"@id\":\"https:\\\/\\\/www.dobbiacocortina.org\\\/it\\\/a-compagnoni-la-49-a-dobbiaco-cortina-super-kettunen-vince-gara-e-combinata\\\/#primaryimage\",\"url\":\"https:\\\/\\\/www.dobbiacocortina.org\\\/wp-content\\\/uploads\\\/toco2026-podio-women.jpg\",\"contentUrl\":\"https:\\\/\\\/www.dobbiacocortina.org\\\/wp-content\\\/uploads\\\/toco2026-podio-women.jpg\",\"width\":1000,\"height\":667},{\"@type\":\"BreadcrumbList\",\"@id\":\"https:\\\/\\\/www.dobbiacocortina.org\\\/it\\\/a-compagnoni-la-49-a-dobbiaco-cortina-super-kettunen-vince-gara-e-combinata\\\/#breadcrumb\",\"itemListElement\":[{\"@type\":\"ListItem\",\"position\":1,\"name\":\"Startseite\",\"item\":\"https:\\\/\\\/www.dobbiacocortina.org\\\/it\\\/\"},{\"@type\":\"ListItem\",\"position\":2,\"name\":\"A Compagnoni la 49.a Dobbiaco Cortina, Super-Kettunen vince gara e combinata\"}]},{\"@type\":\"WebSite\",\"@id\":\"https:\\\/\\\/www.dobbiacocortina.org\\\/#website\",\"url\":\"https:\\\/\\\/www.dobbiacocortina.org\\\/\",\"name\":\"Dobbiaco Cortina\",\"description\":\"\",\"publisher\":{\"@id\":\"https:\\\/\\\/www.dobbiacocortina.org\\\/#organization\"},\"potentialAction\":[{\"@type\":\"SearchAction\",\"target\":{\"@type\":\"EntryPoint\",\"urlTemplate\":\"https:\\\/\\\/www.dobbiacocortina.org\\\/?s={search_term_string}\"},\"query-input\":{\"@type\":\"PropertyValueSpecification\",\"valueRequired\":true,\"valueName\":\"search_term_string\"}}],\"inLanguage\":\"it-IT\"},{\"@type\":\"Organization\",\"@id\":\"https:\\\/\\\/www.dobbiacocortina.org\\\/#organization\",\"name\":\"Toblach - Cortina\",\"url\":\"https:\\\/\\\/www.dobbiacocortina.org\\\/\",\"logo\":{\"@type\":\"ImageObject\",\"inLanguage\":\"it-IT\",\"@id\":\"https:\\\/\\\/www.dobbiacocortina.org\\\/#\\\/schema\\\/logo\\\/image\\\/\",\"url\":\"https:\\\/\\\/www.dobbiacocortina.org\\\/wp-content\\\/uploads\\\/Logo-Toblach_Cortina.png\",\"contentUrl\":\"https:\\\/\\\/www.dobbiacocortina.org\\\/wp-content\\\/uploads\\\/Logo-Toblach_Cortina.png\",\"width\":300,\"height\":300,\"caption\":\"Toblach - Cortina\"},\"image\":{\"@id\":\"https:\\\/\\\/www.dobbiacocortina.org\\\/#\\\/schema\\\/logo\\\/image\\\/\"},\"sameAs\":[\"https:\\\/\\\/www.facebook.com\\\/toblach.cortina\\\/\",\"https:\\\/\\\/x.com\\\/toblachcortina\",\"https:\\\/\\\/www.instagram.com\\\/dobbiacocortina\\\/\"]},{\"@type\":\"Person\",\"@id\":\"https:\\\/\\\/www.dobbiacocortina.org\\\/#\\\/schema\\\/person\\\/978d7806e763afb92d86d8ea832c169d\",\"name\":\"fuchsdesign\",\"sameAs\":[\"https:\\\/\\\/www.dobbiacocortina.org\"]}]}<\/script>\n<!-- \/ Yoast SEO plugin. -->","yoast_head_json":{"title":"A Compagnoni la 49.a Dobbiaco Cortina, Super-Kettunen vince gara e combinata - Granfondo Dobbiaco Cortina Classic Skating","robots":{"index":"index","follow":"follow","max-snippet":"max-snippet:-1","max-image-preview":"max-image-preview:large","max-video-preview":"max-video-preview:-1"},"canonical":"https:\/\/www.dobbiacocortina.org\/it\/a-compagnoni-la-49-a-dobbiaco-cortina-super-kettunen-vince-gara-e-combinata\/","og_locale":"it_IT","og_type":"article","og_title":"A Compagnoni la 49.a Dobbiaco Cortina, Super-Kettunen vince gara e combinata - Granfondo Dobbiaco Cortina Classic Skating","og_description":"Oggi seconda giornata alla Nordic Arena con 26 km skating:Compagnoni temporeggia, attacca e poi vince. Amhof 3\u00b0 e primo in combinata. Oona Kettunen fa tutto da sola, vince la gara e domina la combinata. Compagnoni conquista il Campionato Italiano Amatori e Kuen al femminile Occhi di ghiaccio e muscoli d\u2019acciaio. La finlandese Oona Kettunen (Team [&hellip;]","og_url":"https:\/\/www.dobbiacocortina.org\/it\/a-compagnoni-la-49-a-dobbiaco-cortina-super-kettunen-vince-gara-e-combinata\/","og_site_name":"Granfondo Dobbiaco Cortina Classic Skating","article_publisher":"https:\/\/www.facebook.com\/toblach.cortina\/","article_published_time":"2026-01-18T15:11:21+00:00","article_modified_time":"2026-01-19T15:17:58+00:00","og_image":[{"width":1000,"height":667,"url":"https:\/\/www.dobbiacocortina.org\/wp-content\/uploads\/toco2026-podio-women.jpg","type":"image\/jpeg"}],"author":"fuchsdesign","twitter_card":"summary_large_image","twitter_creator":"@toblachcortina","twitter_site":"@toblachcortina","twitter_misc":{"Scritto da":"fuchsdesign","Tempo di lettura stimato":"4 minuti"},"schema":{"@context":"https:\/\/schema.org","@graph":[{"@type":"Article","@id":"https:\/\/www.dobbiacocortina.org\/it\/a-compagnoni-la-49-a-dobbiaco-cortina-super-kettunen-vince-gara-e-combinata\/#article","isPartOf":{"@id":"https:\/\/www.dobbiacocortina.org\/it\/a-compagnoni-la-49-a-dobbiaco-cortina-super-kettunen-vince-gara-e-combinata\/"},"author":{"name":"fuchsdesign","@id":"https:\/\/www.dobbiacocortina.org\/#\/schema\/person\/978d7806e763afb92d86d8ea832c169d"},"headline":"A Compagnoni la 49.a Dobbiaco Cortina, Super-Kettunen vince gara e combinata","datePublished":"2026-01-18T15:11:21+00:00","dateModified":"2026-01-19T15:17:58+00:00","mainEntityOfPage":{"@id":"https:\/\/www.dobbiacocortina.org\/it\/a-compagnoni-la-49-a-dobbiaco-cortina-super-kettunen-vince-gara-e-combinata\/"},"wordCount":725,"publisher":{"@id":"https:\/\/www.dobbiacocortina.org\/#organization"},"image":{"@id":"https:\/\/www.dobbiacocortina.org\/it\/a-compagnoni-la-49-a-dobbiaco-cortina-super-kettunen-vince-gara-e-combinata\/#primaryimage"},"thumbnailUrl":"https:\/\/www.dobbiacocortina.org\/wp-content\/uploads\/toco2026-podio-women.jpg","articleSection":["Non categorizzato"],"inLanguage":"it-IT"},{"@type":"WebPage","@id":"https:\/\/www.dobbiacocortina.org\/it\/a-compagnoni-la-49-a-dobbiaco-cortina-super-kettunen-vince-gara-e-combinata\/","url":"https:\/\/www.dobbiacocortina.org\/it\/a-compagnoni-la-49-a-dobbiaco-cortina-super-kettunen-vince-gara-e-combinata\/","name":"A Compagnoni la 49.a Dobbiaco Cortina, Super-Kettunen vince gara e combinata - Granfondo Dobbiaco Cortina Classic Skating","isPartOf":{"@id":"https:\/\/www.dobbiacocortina.org\/#website"},"primaryImageOfPage":{"@id":"https:\/\/www.dobbiacocortina.org\/it\/a-compagnoni-la-49-a-dobbiaco-cortina-super-kettunen-vince-gara-e-combinata\/#primaryimage"},"image":{"@id":"https:\/\/www.dobbiacocortina.org\/it\/a-compagnoni-la-49-a-dobbiaco-cortina-super-kettunen-vince-gara-e-combinata\/#primaryimage"},"thumbnailUrl":"https:\/\/www.dobbiacocortina.org\/wp-content\/uploads\/toco2026-podio-women.jpg","datePublished":"2026-01-18T15:11:21+00:00","dateModified":"2026-01-19T15:17:58+00:00","breadcrumb":{"@id":"https:\/\/www.dobbiacocortina.org\/it\/a-compagnoni-la-49-a-dobbiaco-cortina-super-kettunen-vince-gara-e-combinata\/#breadcrumb"},"inLanguage":"it-IT","potentialAction":[{"@type":"ReadAction","target":["https:\/\/www.dobbiacocortina.org\/it\/a-compagnoni-la-49-a-dobbiaco-cortina-super-kettunen-vince-gara-e-combinata\/"]}]},{"@type":"ImageObject","inLanguage":"it-IT","@id":"https:\/\/www.dobbiacocortina.org\/it\/a-compagnoni-la-49-a-dobbiaco-cortina-super-kettunen-vince-gara-e-combinata\/#primaryimage","url":"https:\/\/www.dobbiacocortina.org\/wp-content\/uploads\/toco2026-podio-women.jpg","contentUrl":"https:\/\/www.dobbiacocortina.org\/wp-content\/uploads\/toco2026-podio-women.jpg","width":1000,"height":667},{"@type":"BreadcrumbList","@id":"https:\/\/www.dobbiacocortina.org\/it\/a-compagnoni-la-49-a-dobbiaco-cortina-super-kettunen-vince-gara-e-combinata\/#breadcrumb","itemListElement":[{"@type":"ListItem","position":1,"name":"Startseite","item":"https:\/\/www.dobbiacocortina.org\/it\/"},{"@type":"ListItem","position":2,"name":"A Compagnoni la 49.a Dobbiaco Cortina, Super-Kettunen vince gara e combinata"}]},{"@type":"WebSite","@id":"https:\/\/www.dobbiacocortina.org\/#website","url":"https:\/\/www.dobbiacocortina.org\/","name":"Dobbiaco Cortina","description":"","publisher":{"@id":"https:\/\/www.dobbiacocortina.org\/#organization"},"potentialAction":[{"@type":"SearchAction","target":{"@type":"EntryPoint","urlTemplate":"https:\/\/www.dobbiacocortina.org\/?s={search_term_string}"},"query-input":{"@type":"PropertyValueSpecification","valueRequired":true,"valueName":"search_term_string"}}],"inLanguage":"it-IT"},{"@type":"Organization","@id":"https:\/\/www.dobbiacocortina.org\/#organization","name":"Toblach - Cortina","url":"https:\/\/www.dobbiacocortina.org\/","logo":{"@type":"ImageObject","inLanguage":"it-IT","@id":"https:\/\/www.dobbiacocortina.org\/#\/schema\/logo\/image\/","url":"https:\/\/www.dobbiacocortina.org\/wp-content\/uploads\/Logo-Toblach_Cortina.png","contentUrl":"https:\/\/www.dobbiacocortina.org\/wp-content\/uploads\/Logo-Toblach_Cortina.png","width":300,"height":300,"caption":"Toblach - Cortina"},"image":{"@id":"https:\/\/www.dobbiacocortina.org\/#\/schema\/logo\/image\/"},"sameAs":["https:\/\/www.facebook.com\/toblach.cortina\/","https:\/\/x.com\/toblachcortina","https:\/\/www.instagram.com\/dobbiacocortina\/"]},{"@type":"Person","@id":"https:\/\/www.dobbiacocortina.org\/#\/schema\/person\/978d7806e763afb92d86d8ea832c169d","name":"fuchsdesign","sameAs":["https:\/\/www.dobbiacocortina.org"]}]}},"_links":{"self":[{"href":"https:\/\/www.dobbiacocortina.org\/it\/wp-json\/wp\/v2\/posts\/7991","targetHints":{"allow":["GET"]}}],"collection":[{"href":"https:\/\/www.dobbiacocortina.org\/it\/wp-json\/wp\/v2\/posts"}],"about":[{"href":"https:\/\/www.dobbiacocortina.org\/it\/wp-json\/wp\/v2\/types\/post"}],"author":[{"embeddable":true,"href":"https:\/\/www.dobbiacocortina.org\/it\/wp-json\/wp\/v2\/users\/1"}],"replies":[{"embeddable":true,"href":"https:\/\/www.dobbiacocortina.org\/it\/wp-json\/wp\/v2\/comments?post=7991"}],"version-history":[{"count":4,"href":"https:\/\/www.dobbiacocortina.org\/it\/wp-json\/wp\/v2\/posts\/7991\/revisions"}],"predecessor-version":[{"id":7995,"href":"https:\/\/www.dobbiacocortina.org\/it\/wp-json\/wp\/v2\/posts\/7991\/revisions\/7995"}],"wp:featuredmedia":[{"embeddable":true,"href":"https:\/\/www.dobbiacocortina.org\/it\/wp-json\/wp\/v2\/media\/7990"}],"wp:attachment":[{"href":"https:\/\/www.dobbiacocortina.org\/it\/wp-json\/wp\/v2\/media?parent=7991"}],"wp:term":[{"taxonomy":"category","embeddable":true,"href":"https:\/\/www.dobbiacocortina.org\/it\/wp-json\/wp\/v2\/categories?post=7991"},{"taxonomy":"post_tag","embeddable":true,"href":"https:\/\/www.dobbiacocortina.org\/it\/wp-json\/wp\/v2\/tags?post=7991"}],"curies":[{"name":"wp","href":"https:\/\/api.w.org\/{rel}","templated":true}]}}